{"id":8609,"date":"2025-03-28T12:30:43","date_gmt":"2025-03-28T12:30:43","guid":{"rendered":"https:\/\/areabadalona.com\/diario\/?p=8609"},"modified":"2025-03-28T12:43:41","modified_gmt":"2025-03-28T12:43:41","slug":"area-badalona-133-marc-2024","status":"publish","type":"post","link":"https:\/\/areabadalona.com\/diario\/2025\/03\/28\/area-badalona-133-marc-2024\/","title":{"rendered":"\u00c0rea Badalona 133 Mar\u00e7 2025"},"content":{"rendered":"\n<p>En el n\u00famero de mar\u00e7 de l&#8217;\u00c0rea Badalona informem sobre el disseny guanyador del Dimoni de les Festes de Maig, homenatge als voluntaris de la DANA, aix\u00ed com de la reuni\u00f3 de la Junta Local de Seguretat. <\/p>\n\n\n<a href=\"https:\/\/areabadalona.com\/diario\/wp-content\/uploads\/2025\/03\/AREABADALONA0133.pdf\" class=\"pdfemb-viewer\" style=\"\" data-width=\"max\" data-height=\"max\" data-toolbar=\"bottom\" data-toolbar-fixed=\"off\">AREABADALONA0133<\/a>","protected":false},"excerpt":{"rendered":"<p>En el n\u00famero de mar\u00e7 de l&#8217;\u00c0rea Badalona informem sobre el disseny guanyador del Dimoni de les Festes de Maig, homenatge als voluntaris de la DANA, aix\u00ed com de la reuni\u00f3 de la Junta Local de Seguretat.<\/p>\n","protected":false},"author":2,"featured_media":8610,"comment_status":"closed","ping_status":"open","sticky":false,"template":"","format":"standard","meta":{"footnotes":""},"categories":[30],"tags":[],"class_list":{"0":"post-8609","1":"post","2":"type-post","3":"status-publish","4":"format-standard","5":"has-post-thumbnail","7":"category-edicio-impresa"},"_links":{"self":[{"href":"https:\/\/areabadalona.com\/diario\/wp-json\/wp\/v2\/posts\/8609","targetHints":{"allow":["GET"]}}],"collection":[{"href":"https:\/\/areabadalona.com\/diario\/wp-json\/wp\/v2\/posts"}],"about":[{"href":"https:\/\/areabadalona.com\/diario\/wp-json\/wp\/v2\/types\/post"}],"author":[{"embeddable":true,"href":"https:\/\/areabadalona.com\/diario\/wp-json\/wp\/v2\/users\/2"}],"replies":[{"embeddable":true,"href":"https:\/\/areabadalona.com\/diario\/wp-json\/wp\/v2\/comments?post=8609"}],"version-history":[{"count":2,"href":"https:\/\/areabadalona.com\/diario\/wp-json\/wp\/v2\/posts\/8609\/revisions"}],"predecessor-version":[{"id":8612,"href":"https:\/\/areabadalona.com\/diario\/wp-json\/wp\/v2\/posts\/8609\/revisions\/8612"}],"wp:featuredmedia":[{"embeddable":true,"href":"https:\/\/areabadalona.com\/diario\/wp-json\/wp\/v2\/media\/8610"}],"wp:attachment":[{"href":"https:\/\/areabadalona.com\/diario\/wp-json\/wp\/v2\/media?parent=8609"}],"wp:term":[{"taxonomy":"category","embeddable":true,"href":"https:\/\/areabadalona.com\/diario\/wp-json\/wp\/v2\/categories?post=8609"},{"taxonomy":"post_tag","embeddable":true,"href":"https:\/\/areabadalona.com\/diario\/wp-json\/wp\/v2\/tags?post=8609"}],"curies":[{"name":"wp","href":"https:\/\/api.w.org\/{rel}","templated":true}]}}