{"id":8581,"date":"2025-03-25T08:25:00","date_gmt":"2025-03-25T08:25:00","guid":{"rendered":"https:\/\/areabadalona.com\/diario\/?p=8581"},"modified":"2025-03-25T09:26:12","modified_gmt":"2025-03-25T09:26:12","slug":"lajuntament-de-badalona-adequa-ledifici-del-conservatori-de-musica-de-badalona-despres-de-25-anys-sense-fer-actuacions-de-millora","status":"publish","type":"post","link":"https:\/\/areabadalona.com\/diario\/2025\/03\/25\/lajuntament-de-badalona-adequa-ledifici-del-conservatori-de-musica-de-badalona-despres-de-25-anys-sense-fer-actuacions-de-millora\/","title":{"rendered":"L\u2019Ajuntament de Badalona adequa l\u2019edifici del Conservatori de M\u00fasica de Badalona despr\u00e9s de 25 anys sense fer actuacions de millora"},"content":{"rendered":"\n<p>L\u2019alcalde de Badalona, Xavier Garcia Albiol, ha visitat aquest dilluns a la tarda l\u2019edifici del Conservatori de M\u00fasica de Badalona, on en els darrers mesos s\u2019han fet obres de reparaci\u00f3 i modernitzaci\u00f3 despr\u00e9s de 25 anys sense actuacions de millora rellevants. Els treballs han comptat amb un pressupost pr\u00f2xim als 340.000 euros.<\/p>\n\n\n\n<p>Els principals treballs que s\u2019han fet s\u00f3n la restauraci\u00f3 de la torre que corona l&#8217;edifici, constru\u00eft l\u2019any 1927, que es trobava molt deteriorada, el seu a\u00efllament t\u00e8rmic i l\u2019habilitaci\u00f3 del seu espai interior. Aix\u00ed mateix, s\u2019han reparat les claraboies de la coberta de l&#8217;edifici, impedint l\u2019entrada d\u2019aire a l\u2019hivern, i instal\u00b7lant un sistema de protecci\u00f3 del sol a l\u2019estiu; s\u2019ha renovat l\u2019interior de la planta tercera, i s\u2019han obert finestres zenitals a les cinc aules d\u2019aquesta planta que no disposen de ventilaci\u00f3 a l\u2019exterior.<\/p>\n\n\n\n<p>A m\u00e9s, s\u2019han resolt els problemes d\u2019humitat per capil\u00b7laritat de la planta baixa i del soterrani amb la instal\u00b7laci\u00f3 d&#8217;un aparell emissor d&#8217;ones electromagn\u00e8tiques i s\u2019han reparat les tres fa\u00e7anes de l\u2019edifici situades al carrer del Pare Claret, Francesc Layret i la situada al pati interior, recuperant els esgrafiats i aplacats de pedra i motllures. &nbsp;Tamb\u00e9 s\u2019han instal\u00b7lat plaques solars a la coberta de l\u2019edifici.<\/p>\n\n\n\n<p>L\u2019alcalde de Badalona, Xavier Garcia Albiol, ha destacat que \u201cdespr\u00e9s de molts anys sense inversions ara s\u2019han destinat prop de 340.000 euros a condicionar l\u2019edifici del Conservatori, amb l\u2019objectiu de garantir unes condicions bones per a l\u2019alumnat\u201d. L\u2019alcalde ha recordat, per\u00f2, que aquestes millores s\u00f3n, de fet, \u201cper a un per\u00edode de transici\u00f3\u201d, ja que \u201caquesta actuaci\u00f3 \u00e9s un primer pas abans de fer realitat una de les grans apostes culturals del mandat: la transformaci\u00f3 de l\u2019edifici de la CACI en la nova seu del Conservatori i de l\u2019Escola de M\u00fasica Moderna de Badalona\u201d.<\/p>\n\n\n\n<p>Xavier Garcia Albiol ha recordat que el projecte de la CACI ja ha estat encarregat oficialment a l\u2019\u00c0rea Metropolitana de Barcelona, que est\u00e0 treballant en la seva redacci\u00f3. \u201cEls diners per fer-ho possible ja estan reservats. El calendari no \u00e9s immediat, per\u00f2 l\u2019objectiu del govern \u00e9s que les obres puguin comen\u00e7ar durant aquest mandat\u201d, ha explicat. \u201cUn cop finalitzada la nova seu a la CACI, aquest ser\u00e0 el gran edifici de la Cultura de Badalona i el Conservatori i l\u2019Escola de M\u00fasica disposaran d\u2019un equipament modern, emblem\u00e0tic i plenament adaptat a les seves necessitats\u201d, ha concl\u00f2s.<\/p>\n","protected":false},"excerpt":{"rendered":"<p>L\u2019alcalde de Badalona, Xavier Garcia Albiol, ha visitat aquest dilluns a la tarda l\u2019edifici del Conservatori de M\u00fasica de Badalona, on en els darrers mesos s\u2019han fet obres de reparaci\u00f3 i modernitzaci\u00f3 despr\u00e9s de 25 anys sense actuacions de millora rellevants. Els treballs han comptat amb un pressupost pr\u00f2xim als 340.000 euros. Els principals treballs [&hellip;]<\/p>\n","protected":false},"author":2,"featured_media":8582,"comment_status":"closed","ping_status":"open","sticky":false,"template":"","format":"standard","meta":{"footnotes":""},"categories":[25],"tags":[],"class_list":{"0":"post-8581","1":"post","2":"type-post","3":"status-publish","4":"format-standard","5":"has-post-thumbnail","7":"category-cultura"},"_links":{"self":[{"href":"https:\/\/areabadalona.com\/diario\/wp-json\/wp\/v2\/posts\/8581","targetHints":{"allow":["GET"]}}],"collection":[{"href":"https:\/\/areabadalona.com\/diario\/wp-json\/wp\/v2\/posts"}],"about":[{"href":"https:\/\/areabadalona.com\/diario\/wp-json\/wp\/v2\/types\/post"}],"author":[{"embeddable":true,"href":"https:\/\/areabadalona.com\/diario\/wp-json\/wp\/v2\/users\/2"}],"replies":[{"embeddable":true,"href":"https:\/\/areabadalona.com\/diario\/wp-json\/wp\/v2\/comments?post=8581"}],"version-history":[{"count":1,"href":"https:\/\/areabadalona.com\/diario\/wp-json\/wp\/v2\/posts\/8581\/revisions"}],"predecessor-version":[{"id":8583,"href":"https:\/\/areabadalona.com\/diario\/wp-json\/wp\/v2\/posts\/8581\/revisions\/8583"}],"wp:featuredmedia":[{"embeddable":true,"href":"https:\/\/areabadalona.com\/diario\/wp-json\/wp\/v2\/media\/8582"}],"wp:attachment":[{"href":"https:\/\/areabadalona.com\/diario\/wp-json\/wp\/v2\/media?parent=8581"}],"wp:term":[{"taxonomy":"category","embeddable":true,"href":"https:\/\/areabadalona.com\/diario\/wp-json\/wp\/v2\/categories?post=8581"},{"taxonomy":"post_tag","embeddable":true,"href":"https:\/\/areabadalona.com\/diario\/wp-json\/wp\/v2\/tags?post=8581"}],"curies":[{"name":"wp","href":"https:\/\/api.w.org\/{rel}","templated":true}]}}