{"id":8576,"date":"2025-03-25T09:23:58","date_gmt":"2025-03-25T09:23:58","guid":{"rendered":"https:\/\/areabadalona.com\/diario\/?p=8576"},"modified":"2025-03-25T09:23:58","modified_gmt":"2025-03-25T09:23:58","slug":"el-voluntari-mes-endimoniat-el-dimoni-de-les-festes-de-maig-2025-ret-homenatge-a-la-solidaritat-amb-els-afectats-per-la-dana-de-valencia","status":"publish","type":"post","link":"https:\/\/areabadalona.com\/diario\/2025\/03\/25\/el-voluntari-mes-endimoniat-el-dimoni-de-les-festes-de-maig-2025-ret-homenatge-a-la-solidaritat-amb-els-afectats-per-la-dana-de-valencia\/","title":{"rendered":"\u201cEl Voluntari m\u00e9s Endimoniat\u201d, el Dimoni de les Festes de Maig 2025, ret homenatge a la solidaritat amb els afectats per la Dana de Val\u00e8ncia"},"content":{"rendered":"\n<p>Badalona ret homenatge als voluntaris i entitats que van actuar en solidaritat davant l\u2019emerg\u00e8ncia de la DANA amb \u201cEl Voluntari m\u00e9s Endimoniat\u201d, el Dimoni de les Festes de Maig 2025. Aquesta ic\u00f2nica figura es plantar\u00e0 a la platja dels Pescadors, davant del passeig de la Rambla, durant totes les festes i es cremar\u00e0 la Nit de Sant Anastasi, el dissabte 10 de maig.<\/p>\n\n\n\n<p>El Dimoni \u00e9s obra de Jason S\u00e1nchez, guanyador del vint-i-sis\u00e8 concurs Crema\u2019l tu!, Premi de Disseny del Dimoni de Badalona. \u00c9s un dimoni que porta perilla i va vestit amb roba de feina i botes adequades per a les feines de neteja dels efectes de la DANA. Porta a la m\u00e0 una pala per treure el fang i ajudar en les tasques de neteja i est\u00e0 suant de l\u2019esfor\u00e7 fet. A m\u00e9s, es troba a sobre d\u2019un mur on hi ha una inscripci\u00f3 que posa \u201cAl poble, gr\u00e0cies per tot\u201d. Un altre detall important \u00e9s la cua, que fa la forma d\u2019un lla\u00e7 negre com a s\u00edmbol de dol per les v\u00edctimes mortals de la DANA. Amb aquesta figura, es vol donar valor al comprom\u00eds i l\u2019ajuda cap als afectats, que a Badalona tamb\u00e9 va ser molt important.<\/p>\n\n\n\n<p>La construcci\u00f3 del Dimoni anir\u00e0 a c\u00e0rrec de Carles Piera, escultor amb una traject\u00f2ria s\u00f2lida i reconeguda, que comptar\u00e0 amb la col\u00b7laboraci\u00f3 de Sebasti\u00e0 Brossa, director i creador esc\u00e8nic. Junts formen un t\u00e0ndem amb una \u00e0mplia experi\u00e8ncia art\u00edstica i que aportar\u00e0 noves t\u00e8cniques que, juntament amb la tradicional estructura de fusta, permetran mantenir la m\u00e0xima fidelitat possible de la figura amb el disseny original.<\/p>\n\n\n\n<div><a href=\"https:\/\/areabadalona.com\/diario\/wp-content\/uploads\/2025\/03\/festes_maig_mocador_2025-1024x768.jpg\" class=\"td-modal-image\"><figure class=\"wp-block-image size-large\"><img loading=\"lazy\" decoding=\"async\" width=\"1024\" height=\"768\" src=\"https:\/\/areabadalona.com\/diario\/wp-content\/uploads\/2025\/03\/festes_maig_mocador_2025-1024x768.jpg\" alt=\"\" class=\"wp-image-8578\" srcset=\"https:\/\/areabadalona.com\/diario\/wp-content\/uploads\/2025\/03\/festes_maig_mocador_2025-1024x768.jpg 1024w, https:\/\/areabadalona.com\/diario\/wp-content\/uploads\/2025\/03\/festes_maig_mocador_2025-300x225.jpg 300w, https:\/\/areabadalona.com\/diario\/wp-content\/uploads\/2025\/03\/festes_maig_mocador_2025-768x576.jpg 768w, https:\/\/areabadalona.com\/diario\/wp-content\/uploads\/2025\/03\/festes_maig_mocador_2025-150x113.jpg 150w, https:\/\/areabadalona.com\/diario\/wp-content\/uploads\/2025\/03\/festes_maig_mocador_2025-696x522.jpg 696w, https:\/\/areabadalona.com\/diario\/wp-content\/uploads\/2025\/03\/festes_maig_mocador_2025-1068x801.jpg 1068w, https:\/\/areabadalona.com\/diario\/wp-content\/uploads\/2025\/03\/festes_maig_mocador_2025.jpg 1200w\" sizes=\"auto, (max-width: 1024px) 100vw, 1024px\" \/><\/figure><\/a><\/div>\n\n\n\n<p><strong>Un mocador amb s\u00edmbols de Badalona, que reflecteix l\u2019orgull de ciutat<\/strong><\/p>\n\n\n\n<p>El mocador de les Festes de Maig 2025 ser\u00e0 de color bordeus i est\u00e0 il\u00b7lustrat amb una sanefa formada pel perfil d\u2019edificis i s\u00edmbols emblem\u00e0tics de Badalona, com la Casa de la Vila, el pont del Petroli, la platja, l\u2019escultura del Mono, el Palau Municipal d\u2019Esports, la f\u00e0brica d\u2019An\u00eds del Mono o l\u2019arbre de Nadal. Tots aquests elements s\u2019imprimeixen en blanc, creant una pe\u00e7a amb una est\u00e8tica molt cuidada i que t\u00e9 una forta c\u00e0rrega d\u2019identitat de la ciutat. Amb aquest mocador es busca potenciar l\u2019orgull badalon\u00ed i enfortir el vincle emocional de la ciutadania amb les festes.<\/p>\n\n\n\n<p>En total es faran unes 74.000 unitats de mocadors que es comen\u00e7aran a vendre dia de Sant Jordi en l\u2019estand de l\u2019Oficina de Turisme.<\/p>\n\n\n\n<div><a href=\"https:\/\/areabadalona.com\/diario\/wp-content\/uploads\/2025\/03\/festes_maig_cartell_2025-1024x768.jpg\" class=\"td-modal-image\"><figure class=\"wp-block-image size-large\"><img loading=\"lazy\" decoding=\"async\" width=\"1024\" height=\"768\" src=\"https:\/\/areabadalona.com\/diario\/wp-content\/uploads\/2025\/03\/festes_maig_cartell_2025-1024x768.jpg\" alt=\"\" class=\"wp-image-8577\" srcset=\"https:\/\/areabadalona.com\/diario\/wp-content\/uploads\/2025\/03\/festes_maig_cartell_2025-1024x768.jpg 1024w, https:\/\/areabadalona.com\/diario\/wp-content\/uploads\/2025\/03\/festes_maig_cartell_2025-300x225.jpg 300w, https:\/\/areabadalona.com\/diario\/wp-content\/uploads\/2025\/03\/festes_maig_cartell_2025-768x576.jpg 768w, https:\/\/areabadalona.com\/diario\/wp-content\/uploads\/2025\/03\/festes_maig_cartell_2025-150x113.jpg 150w, https:\/\/areabadalona.com\/diario\/wp-content\/uploads\/2025\/03\/festes_maig_cartell_2025-696x522.jpg 696w, https:\/\/areabadalona.com\/diario\/wp-content\/uploads\/2025\/03\/festes_maig_cartell_2025-1068x801.jpg 1068w, https:\/\/areabadalona.com\/diario\/wp-content\/uploads\/2025\/03\/festes_maig_cartell_2025.jpg 1200w\" sizes=\"auto, (max-width: 1024px) 100vw, 1024px\" \/><\/figure><\/a><\/div>\n\n\n\n<p><strong>Un cartell que presenta una pla\u00e7a de la Vila en festes<\/strong><\/p>\n\n\n\n<p>El cartell oficial de les Festes de Maig 2025 \u00e9s obra d\u2019Helena Arr\u00e1ez, una jove badalonina de 19 anys que estudia a l\u2019Escola d\u2019Art Pau Gargallo. El disseny presenta una mirada des de l\u2019esgl\u00e9sia de Santa Maria cap a la pla\u00e7a de la Vila en festes i est\u00e0 ple de refer\u00e8ncies a la cultura badalonina, on el foc, la mar i les tradicions sempre estan presents. De manera simb\u00f2lica, el cartell inclou la figura d\u2019un dimoni d\u2019esquena, que mira des de dalt d\u2019un edifici cap a la pla\u00e7a i veu com la ciutat s\u2019obre cap al mar.<\/p>\n\n\n\n<p>La presentaci\u00f3 del Dimoni, el disseny del cartell i el mocador de les Festes de Maig de Badalona 2025 s\u2019ha fet aquest dilluns al mat\u00ed a la sala de premsa de El Viver. L\u2019acte ha comptat amb la pres\u00e8ncia de l\u2019alcalde de Badalona, Xavier Garcia Albiol; de la primera tinenta d\u2019alcaldia, Cristina Ag\u00fcera; de la regidora de Cultura, Vanesa Gonz\u00e1lez, i dels autors dels dissenys guanyadors del cartell i del dimoni de les Festes de Maig 2025, Helena Arra\u00e9z y Jason S\u00e1nchez. Tamb\u00e9 han assistit els encarregats de la construcci\u00f3 del Dimoni, Carles Piera i Sebasti\u00e0 Brossa.<\/p>\n\n\n\n<p>L\u2019alcalde, Xavier Garcia Albiol, ha destacat els \u201ccolors vius i impactants del cartell i la pres\u00e8ncia d\u2019elements de la festa\u201d; la inclusi\u00f3 dels espais m\u00e9s representatius de la ciutat en la sanefa del mocador de festes i la simbologia tan pronunciada del Dimoni d\u2019aquest any. \u201cAquest Dimoni mant\u00e9 l\u2019ess\u00e8ncia reivindicativa o cr\u00edtica que solen tenir els dimonis els darrers anys i fa refer\u00e8ncia a l\u2019esfor\u00e7 dels voluntaris que van ajudar durant les tasques despr\u00e9s de la trag\u00e8dia de la DANA\u201d, ha explicat. \u201cIndiscutiblement, \u00e9s d\u2019actualitat i combina la tradici\u00f3 amb la reivindicaci\u00f3, per\u00f2 a m\u00e9s \u00e9s un dimoni simp\u00e0tic que agradar\u00e0 molt als nens i nenes de la ciutat, principals protagonistes de la nit de la cremada, que segur que ser\u00e0 un \u00e8xit rotund\u201d, ha afegit.<\/p>\n","protected":false},"excerpt":{"rendered":"<p>Badalona ret homenatge als voluntaris i entitats que van actuar en solidaritat davant l\u2019emerg\u00e8ncia de la DANA amb \u201cEl Voluntari m\u00e9s Endimoniat\u201d, el Dimoni de les Festes de Maig 2025. Aquesta ic\u00f2nica figura es plantar\u00e0 a la platja dels Pescadors, davant del passeig de la Rambla, durant totes les festes i es cremar\u00e0 la Nit [&hellip;]<\/p>\n","protected":false},"author":2,"featured_media":8579,"comment_status":"closed","ping_status":"open","sticky":false,"template":"","format":"standard","meta":{"footnotes":""},"categories":[25],"tags":[],"class_list":{"0":"post-8576","1":"post","2":"type-post","3":"status-publish","4":"format-standard","5":"has-post-thumbnail","7":"category-cultura"},"_links":{"self":[{"href":"https:\/\/areabadalona.com\/diario\/wp-json\/wp\/v2\/posts\/8576","targetHints":{"allow":["GET"]}}],"collection":[{"href":"https:\/\/areabadalona.com\/diario\/wp-json\/wp\/v2\/posts"}],"about":[{"href":"https:\/\/areabadalona.com\/diario\/wp-json\/wp\/v2\/types\/post"}],"author":[{"embeddable":true,"href":"https:\/\/areabadalona.com\/diario\/wp-json\/wp\/v2\/users\/2"}],"replies":[{"embeddable":true,"href":"https:\/\/areabadalona.com\/diario\/wp-json\/wp\/v2\/comments?post=8576"}],"version-history":[{"count":1,"href":"https:\/\/areabadalona.com\/diario\/wp-json\/wp\/v2\/posts\/8576\/revisions"}],"predecessor-version":[{"id":8580,"href":"https:\/\/areabadalona.com\/diario\/wp-json\/wp\/v2\/posts\/8576\/revisions\/8580"}],"wp:featuredmedia":[{"embeddable":true,"href":"https:\/\/areabadalona.com\/diario\/wp-json\/wp\/v2\/media\/8579"}],"wp:attachment":[{"href":"https:\/\/areabadalona.com\/diario\/wp-json\/wp\/v2\/media?parent=8576"}],"wp:term":[{"taxonomy":"category","embeddable":true,"href":"https:\/\/areabadalona.com\/diario\/wp-json\/wp\/v2\/categories?post=8576"},{"taxonomy":"post_tag","embeddable":true,"href":"https:\/\/areabadalona.com\/diario\/wp-json\/wp\/v2\/tags?post=8576"}],"curies":[{"name":"wp","href":"https:\/\/api.w.org\/{rel}","templated":true}]}}