{"id":8573,"date":"2025-03-24T09:24:43","date_gmt":"2025-03-24T09:24:43","guid":{"rendered":"https:\/\/areabadalona.com\/diario\/?p=8573"},"modified":"2025-03-24T09:24:43","modified_gmt":"2025-03-24T09:24:43","slug":"la-fundacio-llegat-roca-i-pi-col%c2%b7labora-amb-32-entitats-al-2025-per-fer-front-a-lexclusio-social-a-badalona","status":"publish","type":"post","link":"https:\/\/areabadalona.com\/diario\/2025\/03\/24\/la-fundacio-llegat-roca-i-pi-col%c2%b7labora-amb-32-entitats-al-2025-per-fer-front-a-lexclusio-social-a-badalona\/","title":{"rendered":"La Fundaci\u00f3 Llegat Roca i Pi col\u00b7labora amb 32 entitats al 2025 per fer front a l\u2019exclusi\u00f3 social a Badalona"},"content":{"rendered":"\n<p>La Fundaci\u00f3 Llegat Roca i Pi ha signat el 21 de mar\u00e7 els convenis de col\u00b7laboraci\u00f3 anuals amb 32 entitats socials que acompanyen a diferents col\u00b7lectius com infants, joves, adults, gent gran, persones nouvingudes, persones amb discapacitat&#8230; L\u2019objectiu \u00e9s contribuir a l\u2019acompanyament que fan les entitats a persones en risc d\u2019exclusi\u00f3 social, principalment a Badalona i tamb\u00e9 a poblacions de l\u2019entorn.<strong><\/strong><\/p>\n\n\n\n<p>La col\u00b7laboraci\u00f3 es realitza en el marc d\u2019un <strong>Programa de convenis<\/strong> que concreta aportacions econ\u00f2miques de la Fundaci\u00f3 Roca i Pi a les entitats amb la finalitat de refor\u00e7ar la tasca que fan al territori. Tamb\u00e9 posant a disposici\u00f3 d\u2019algunes entitats espais per desenvolupar les seves activitats. La Fundaci\u00f3 Roca i Pi mant\u00e9 contacte durant l\u2019any amb les persones responsables de les entitats i fa seguiment de la seva tasca.<\/p>\n\n\n\n<p><strong>\u201cUn any m\u00e9s el programa de convenis de la Fundaci\u00f3 Llegat Roca i Pi dona suport a entitats que treballen amb diferents col\u00b7lectius, destacant especialment la col\u00b7laboraci\u00f3 amb entitats que acompanyen a infants i joves <\/strong><strong>en situaci\u00f3 de risc d\u2019exclusi\u00f3 social a Badalona\u201d, <\/strong>remarcaMar Alsamora, directora d\u2019Acci\u00f3 Social de la Fundaci\u00f3 Llegat Roca i Pi.Afegeix que\u201cDes de Roca i Pi volem posar en valor la bona feina que realitzen les diferents entitats i agra\u00efm la seva tasca per millorar la vida de persones en situaci\u00f3 de vulnerabilitat\u201d.<strong><\/strong><\/p>\n\n\n\n<p>Aquest any 2025 s\u2019han mantingut dins del programa de convenis la majoria d\u2019entitats de l\u2019any passat. La major part tenen seu a Badalona i tamb\u00e9 s\u2019inclouen algunes a Santa Coloma de Gramenet i Sant Adri\u00e0. En total la Fundaci\u00f3 Roca i Pi aportar\u00e0 560.000 euros a trav\u00e9s del programa de convenis 2025, una xifra un 3% superior a la dels convenis 2024.<\/p>\n\n\n\n<p>Andreu Oller, president de la Fundaci\u00f3 Llegat Roca i Pi, ha destacat en la cloenda el lema de \u201cLlars de vida. Espais d\u2019esperan\u00e7a\u201d de Roca i Pi. Aix\u00ed mateix ha posat de manifest que \u201cLa trentena d\u2019entitats presents en aquest acte tenim capacitat quan ens unim per contribuir a la creaci\u00f3 d\u2019oportunitats per a moltes persones i necessitem la col\u00b7laboraci\u00f3 de l\u2019Ajuntament\u201d. La regidora de Serveis Socials, M. Carmen Exp\u00f3sito, ha assistit a l\u2019acte.<\/p>\n","protected":false},"excerpt":{"rendered":"<p>La Fundaci\u00f3 Llegat Roca i Pi ha signat el 21 de mar\u00e7 els convenis de col\u00b7laboraci\u00f3 anuals amb 32 entitats socials que acompanyen a diferents col\u00b7lectius com infants, joves, adults, gent gran, persones nouvingudes, persones amb discapacitat&#8230; L\u2019objectiu \u00e9s contribuir a l\u2019acompanyament que fan les entitats a persones en risc d\u2019exclusi\u00f3 social, principalment a Badalona [&hellip;]<\/p>\n","protected":false},"author":2,"featured_media":8574,"comment_status":"closed","ping_status":"open","sticky":false,"template":"","format":"standard","meta":{"footnotes":""},"categories":[23],"tags":[],"class_list":{"0":"post-8573","1":"post","2":"type-post","3":"status-publish","4":"format-standard","5":"has-post-thumbnail","7":"category-actualitat"},"_links":{"self":[{"href":"https:\/\/areabadalona.com\/diario\/wp-json\/wp\/v2\/posts\/8573","targetHints":{"allow":["GET"]}}],"collection":[{"href":"https:\/\/areabadalona.com\/diario\/wp-json\/wp\/v2\/posts"}],"about":[{"href":"https:\/\/areabadalona.com\/diario\/wp-json\/wp\/v2\/types\/post"}],"author":[{"embeddable":true,"href":"https:\/\/areabadalona.com\/diario\/wp-json\/wp\/v2\/users\/2"}],"replies":[{"embeddable":true,"href":"https:\/\/areabadalona.com\/diario\/wp-json\/wp\/v2\/comments?post=8573"}],"version-history":[{"count":1,"href":"https:\/\/areabadalona.com\/diario\/wp-json\/wp\/v2\/posts\/8573\/revisions"}],"predecessor-version":[{"id":8575,"href":"https:\/\/areabadalona.com\/diario\/wp-json\/wp\/v2\/posts\/8573\/revisions\/8575"}],"wp:featuredmedia":[{"embeddable":true,"href":"https:\/\/areabadalona.com\/diario\/wp-json\/wp\/v2\/media\/8574"}],"wp:attachment":[{"href":"https:\/\/areabadalona.com\/diario\/wp-json\/wp\/v2\/media?parent=8573"}],"wp:term":[{"taxonomy":"category","embeddable":true,"href":"https:\/\/areabadalona.com\/diario\/wp-json\/wp\/v2\/categories?post=8573"},{"taxonomy":"post_tag","embeddable":true,"href":"https:\/\/areabadalona.com\/diario\/wp-json\/wp\/v2\/tags?post=8573"}],"curies":[{"name":"wp","href":"https:\/\/api.w.org\/{rel}","templated":true}]}}