{"id":8567,"date":"2025-03-21T12:21:12","date_gmt":"2025-03-21T12:21:12","guid":{"rendered":"https:\/\/areabadalona.com\/diario\/?p=8567"},"modified":"2025-03-21T12:21:12","modified_gmt":"2025-03-21T12:21:12","slug":"en-licitacio-les-obres-de-rehabilitacio-de-la-coberta-de-lescola-salvador-espriu-de-badalona","status":"publish","type":"post","link":"https:\/\/areabadalona.com\/diario\/2025\/03\/21\/en-licitacio-les-obres-de-rehabilitacio-de-la-coberta-de-lescola-salvador-espriu-de-badalona\/","title":{"rendered":"En licitaci\u00f3 les obres de rehabilitaci\u00f3 de la coberta de l\u2019Escola Salvador Espriu de Badalona"},"content":{"rendered":"\n<p>L\u2019\u00c0rea Metropolitana de Barcelona (AMB) est\u00e0 licitant, per enc\u00e0rrec de l\u2019Ajuntament de Badalona, les obres per a l\u2019adequaci\u00f3 de la coberta de l\u2019escola Salvador Espriu. L\u2019AMB ha publicat aquest dimecres 19 de mar\u00e7 la licitaci\u00f3 de les obres d\u2019aquest centre escolar d\u2019educaci\u00f3 Infantil i Prim\u00e0ria situat al barri de Morera. A l\u2019actuaci\u00f3 s\u2019hi destinaran 347.186,79 euros.<\/p>\n\n\n\n<p>Les obres permetran solucionar els problemes de filtracions d\u2019aigua que es produeixen al centre cada cop que plou, una situaci\u00f3 que ha afectat el dia a dia de l\u2019escola durant molt de temps a causa del mal estat de la coberta. Aquesta defici\u00e8ncia provoca humitats i goteres que dificulten l\u2019activitat educativa i deterioren les instal\u00b7lacions.<\/p>\n\n\n\n<p>El projecte de rehabilitaci\u00f3 preveu renovar la coberta, augmentar l\u2019a\u00efllament i millorar l\u2019accessibilitat per a tasques de manteniment. El termini d\u2019execuci\u00f3 previst de les obres, una vegada licitades, ser\u00e0 de dos mesos i es preveu que les obres es puguin fer durant el pr\u00f2xim estiu.<\/p>\n\n\n\n<p>La primera tinent d\u2019alcalde de l\u2019Ajuntament de Badalona, Cristina Ag\u00fcera, ha assegurat que l\u2019Ajuntament \u00e9s molt conscient de la import\u00e0ncia d\u2019aquestes obres i de la seva necessitat. \u201cParlem d\u2019una actuaci\u00f3 imprescindible per garantir el desenvolupament normal de les activitats del centre, aix\u00ed com el benestar de l\u2019alumnat i del personal docent\u201d, ha explicat. Ag\u00fcera ha recordat que el govern municipal est\u00e0 comprom\u00e8s amb la millora de les instal\u00b7lacions educatives de la ciutat, que han patit durant molts anys la falta de manteniment i d\u2019inversi\u00f3. \u201cDes de l\u2019Ajuntament anirem abordant actuacions com aquesta per garantir que els escolars de la ciutat puguin estudiar en unes instal\u00b7lacions dignes, tal com correspon a una ciutat com Badalona\u201d, ha afirmat.<\/p>\n","protected":false},"excerpt":{"rendered":"<p>L\u2019\u00c0rea Metropolitana de Barcelona (AMB) est\u00e0 licitant, per enc\u00e0rrec de l\u2019Ajuntament de Badalona, les obres per a l\u2019adequaci\u00f3 de la coberta de l\u2019escola Salvador Espriu. L\u2019AMB ha publicat aquest dimecres 19 de mar\u00e7 la licitaci\u00f3 de les obres d\u2019aquest centre escolar d\u2019educaci\u00f3 Infantil i Prim\u00e0ria situat al barri de Morera. A l\u2019actuaci\u00f3 s\u2019hi destinaran 347.186,79 [&hellip;]<\/p>\n","protected":false},"author":2,"featured_media":8568,"comment_status":"closed","ping_status":"open","sticky":false,"template":"","format":"standard","meta":{"footnotes":""},"categories":[23],"tags":[],"class_list":{"0":"post-8567","1":"post","2":"type-post","3":"status-publish","4":"format-standard","5":"has-post-thumbnail","7":"category-actualitat"},"_links":{"self":[{"href":"https:\/\/areabadalona.com\/diario\/wp-json\/wp\/v2\/posts\/8567","targetHints":{"allow":["GET"]}}],"collection":[{"href":"https:\/\/areabadalona.com\/diario\/wp-json\/wp\/v2\/posts"}],"about":[{"href":"https:\/\/areabadalona.com\/diario\/wp-json\/wp\/v2\/types\/post"}],"author":[{"embeddable":true,"href":"https:\/\/areabadalona.com\/diario\/wp-json\/wp\/v2\/users\/2"}],"replies":[{"embeddable":true,"href":"https:\/\/areabadalona.com\/diario\/wp-json\/wp\/v2\/comments?post=8567"}],"version-history":[{"count":1,"href":"https:\/\/areabadalona.com\/diario\/wp-json\/wp\/v2\/posts\/8567\/revisions"}],"predecessor-version":[{"id":8569,"href":"https:\/\/areabadalona.com\/diario\/wp-json\/wp\/v2\/posts\/8567\/revisions\/8569"}],"wp:featuredmedia":[{"embeddable":true,"href":"https:\/\/areabadalona.com\/diario\/wp-json\/wp\/v2\/media\/8568"}],"wp:attachment":[{"href":"https:\/\/areabadalona.com\/diario\/wp-json\/wp\/v2\/media?parent=8567"}],"wp:term":[{"taxonomy":"category","embeddable":true,"href":"https:\/\/areabadalona.com\/diario\/wp-json\/wp\/v2\/categories?post=8567"},{"taxonomy":"post_tag","embeddable":true,"href":"https:\/\/areabadalona.com\/diario\/wp-json\/wp\/v2\/tags?post=8567"}],"curies":[{"name":"wp","href":"https:\/\/api.w.org\/{rel}","templated":true}]}}