{"id":8564,"date":"2025-03-21T10:27:55","date_gmt":"2025-03-21T10:27:55","guid":{"rendered":"https:\/\/areabadalona.com\/diario\/?p=8564"},"modified":"2025-03-21T10:27:56","modified_gmt":"2025-03-21T10:27:56","slug":"caminata-reivindicativa-en-defensa-dels-camins-publics","status":"publish","type":"post","link":"https:\/\/areabadalona.com\/diario\/2025\/03\/21\/caminata-reivindicativa-en-defensa-dels-camins-publics\/","title":{"rendered":"Caminata reivindicativa en defensa dels camins p\u00fablics"},"content":{"rendered":"\n<p>El proper diumenge, 6 d&#8217;abril, se celebra el Dia dels Camins P\u00fablics i dels Camins Ramaders, i a Badalona ho celebren organitzant una caminada reivindicativa per \u00abdefensar l&#8217;\u00fas p\u00fablic de tots els camins rurals i de conscienciar a la ciutadania de Badalona sobre la seva import\u00e0ncia i la necessitat del seu inventariat, defensa i conservaci\u00f3, i per garantir l&#8217;acc\u00e9s saludable a l&#8217;espai natural del <strong>Parc de la serralada de Marina<\/strong>\u00ab.<\/p>\n\n\n\n<p>La caminada comen\u00e7a i acaba davant la seu de l&#8217;Associaci\u00f3 de Ve\u00efns de Canyet, al carrer Riera de Canyet, 27. L&#8217;activitat s&#8217;inicia a les 9.30 hores i es preveu que acabi a les 12.30 hores, moment en el que es llegir\u00e0 un manifest. Despr\u00e9s hi haur\u00e0 activitat infantil. La dificultat de la ruta \u00e9s baixa, i s&#8217;aconsella portar aigua i sabates adequades per camins rurals. <\/p>\n","protected":false},"excerpt":{"rendered":"<p>El proper diumenge, 6 d&#8217;abril, se celebra el Dia dels Camins P\u00fablics i dels Camins Ramaders, i a Badalona ho celebren organitzant una caminada reivindicativa per \u00abdefensar l&#8217;\u00fas p\u00fablic de tots els camins rurals i de conscienciar a la ciutadania de Badalona sobre la seva import\u00e0ncia i la necessitat del seu inventariat, defensa i conservaci\u00f3, [&hellip;]<\/p>\n","protected":false},"author":1,"featured_media":8565,"comment_status":"closed","ping_status":"open","sticky":false,"template":"","format":"standard","meta":{"footnotes":""},"categories":[23],"tags":[],"class_list":{"0":"post-8564","1":"post","2":"type-post","3":"status-publish","4":"format-standard","5":"has-post-thumbnail","7":"category-actualitat"},"_links":{"self":[{"href":"https:\/\/areabadalona.com\/diario\/wp-json\/wp\/v2\/posts\/8564","targetHints":{"allow":["GET"]}}],"collection":[{"href":"https:\/\/areabadalona.com\/diario\/wp-json\/wp\/v2\/posts"}],"about":[{"href":"https:\/\/areabadalona.com\/diario\/wp-json\/wp\/v2\/types\/post"}],"author":[{"embeddable":true,"href":"https:\/\/areabadalona.com\/diario\/wp-json\/wp\/v2\/users\/1"}],"replies":[{"embeddable":true,"href":"https:\/\/areabadalona.com\/diario\/wp-json\/wp\/v2\/comments?post=8564"}],"version-history":[{"count":1,"href":"https:\/\/areabadalona.com\/diario\/wp-json\/wp\/v2\/posts\/8564\/revisions"}],"predecessor-version":[{"id":8566,"href":"https:\/\/areabadalona.com\/diario\/wp-json\/wp\/v2\/posts\/8564\/revisions\/8566"}],"wp:featuredmedia":[{"embeddable":true,"href":"https:\/\/areabadalona.com\/diario\/wp-json\/wp\/v2\/media\/8565"}],"wp:attachment":[{"href":"https:\/\/areabadalona.com\/diario\/wp-json\/wp\/v2\/media?parent=8564"}],"wp:term":[{"taxonomy":"category","embeddable":true,"href":"https:\/\/areabadalona.com\/diario\/wp-json\/wp\/v2\/categories?post=8564"},{"taxonomy":"post_tag","embeddable":true,"href":"https:\/\/areabadalona.com\/diario\/wp-json\/wp\/v2\/tags?post=8564"}],"curies":[{"name":"wp","href":"https:\/\/api.w.org\/{rel}","templated":true}]}}