{"id":8422,"date":"2025-02-27T10:59:16","date_gmt":"2025-02-27T10:59:16","guid":{"rendered":"https:\/\/areabadalona.com\/diario\/?p=8422"},"modified":"2025-02-28T11:00:33","modified_gmt":"2025-02-28T11:00:33","slug":"lajuntament-de-badalona-precinta-un-establiment-del-carrer-de-mar-per-manca-de-llicencia-i-per-les-condicions-de-salubritat","status":"publish","type":"post","link":"https:\/\/areabadalona.com\/diario\/2025\/02\/27\/lajuntament-de-badalona-precinta-un-establiment-del-carrer-de-mar-per-manca-de-llicencia-i-per-les-condicions-de-salubritat\/","title":{"rendered":"L\u2019Ajuntament de Badalona precinta un establiment del carrer de Mar per manca de llic\u00e8ncia i per les condicions de salubritat"},"content":{"rendered":"\n<p>L\u2019Ajuntament de Badalona ha precintat aquesta tarda un establiment del carrer de Mar despr\u00e9s que el passat mes d\u2019octubre s\u2019haguessin aixecat diverses actes a l\u2019establiment, entre elles per funcionar sense la llic\u00e8ncia corresponent i per defici\u00e8ncies en les seves condicions de salubritat. Com a resultat d\u2019aquestes actuacions, l\u2019Ajuntament va ordenar el cessament de l\u2019activitat, que no va ser complert pels responsables del local.<\/p>\n\n\n\n<p>L\u2019establiment operava com a perruqueria i sal\u00f3 de bellesa per\u00f2 tamb\u00e9 tenia a la venda altres productes com peces de roba, bosses de m\u00e0 i maletes. Avui, en el marc del procediment administratiu corresponent, s\u2019ha efectuat el precinte de l\u2019establiment amb la intervenci\u00f3 del Departament de Disciplina Urban\u00edstica, mentre que la Gu\u00e0rdia Urbana ha fet l\u2019acompanyament.<\/p>\n\n\n\n<p>&nbsp;L\u2019alcalde, Xavier Garcia Albiol, ha explicat que \u201caquesta actuaci\u00f3 respon al comprom\u00eds del govern municipal de fer complir la normativa i de garantir la seguretat i salubritat per part de tots els establiments comercials de la ciutat\u201d.<\/p>\n","protected":false},"excerpt":{"rendered":"<p>L\u2019Ajuntament de Badalona ha precintat aquesta tarda un establiment del carrer de Mar despr\u00e9s que el passat mes d\u2019octubre s\u2019haguessin aixecat diverses actes a l\u2019establiment, entre elles per funcionar sense la llic\u00e8ncia corresponent i per defici\u00e8ncies en les seves condicions de salubritat. Com a resultat d\u2019aquestes actuacions, l\u2019Ajuntament va ordenar el cessament de l\u2019activitat, que [&hellip;]<\/p>\n","protected":false},"author":2,"featured_media":8423,"comment_status":"closed","ping_status":"open","sticky":false,"template":"","format":"standard","meta":{"footnotes":""},"categories":[23],"tags":[],"class_list":{"0":"post-8422","1":"post","2":"type-post","3":"status-publish","4":"format-standard","5":"has-post-thumbnail","7":"category-actualitat"},"_links":{"self":[{"href":"https:\/\/areabadalona.com\/diario\/wp-json\/wp\/v2\/posts\/8422","targetHints":{"allow":["GET"]}}],"collection":[{"href":"https:\/\/areabadalona.com\/diario\/wp-json\/wp\/v2\/posts"}],"about":[{"href":"https:\/\/areabadalona.com\/diario\/wp-json\/wp\/v2\/types\/post"}],"author":[{"embeddable":true,"href":"https:\/\/areabadalona.com\/diario\/wp-json\/wp\/v2\/users\/2"}],"replies":[{"embeddable":true,"href":"https:\/\/areabadalona.com\/diario\/wp-json\/wp\/v2\/comments?post=8422"}],"version-history":[{"count":1,"href":"https:\/\/areabadalona.com\/diario\/wp-json\/wp\/v2\/posts\/8422\/revisions"}],"predecessor-version":[{"id":8424,"href":"https:\/\/areabadalona.com\/diario\/wp-json\/wp\/v2\/posts\/8422\/revisions\/8424"}],"wp:featuredmedia":[{"embeddable":true,"href":"https:\/\/areabadalona.com\/diario\/wp-json\/wp\/v2\/media\/8423"}],"wp:attachment":[{"href":"https:\/\/areabadalona.com\/diario\/wp-json\/wp\/v2\/media?parent=8422"}],"wp:term":[{"taxonomy":"category","embeddable":true,"href":"https:\/\/areabadalona.com\/diario\/wp-json\/wp\/v2\/categories?post=8422"},{"taxonomy":"post_tag","embeddable":true,"href":"https:\/\/areabadalona.com\/diario\/wp-json\/wp\/v2\/tags?post=8422"}],"curies":[{"name":"wp","href":"https:\/\/api.w.org\/{rel}","templated":true}]}}