{"id":8378,"date":"2025-02-18T11:00:33","date_gmt":"2025-02-18T11:00:33","guid":{"rendered":"https:\/\/areabadalona.com\/diario\/?p=8378"},"modified":"2025-02-18T11:00:33","modified_gmt":"2025-02-18T11:00:33","slug":"badalona-celebra-el-25e-aniversari-del-festival-li-chang-portant-lil%c2%b7lusionisme-del-popular-mag-yunke-en-un-espectacle-gratuit-a-la-placa-de-la-vila","status":"publish","type":"post","link":"https:\/\/areabadalona.com\/diario\/2025\/02\/18\/badalona-celebra-el-25e-aniversari-del-festival-li-chang-portant-lil%c2%b7lusionisme-del-popular-mag-yunke-en-un-espectacle-gratuit-a-la-placa-de-la-vila\/","title":{"rendered":"Badalona celebra el 25\u00e8 aniversari del Festival Li-Chang portant l\u2019Il\u00b7lusionisme del popular mag Yunke en un espectacle gratu\u00eft a la pla\u00e7a de la Vila"},"content":{"rendered":"\n<p>El Festival Internacional de M\u00e0gia Memorial Li-Chang, un dels esdeveniments m\u00e9s emblem\u00e0tics de la programaci\u00f3 cultural de Badalona, arriba enguany al seu 25\u00e8 aniversari, consolidant-se com un referent en el m\u00f3n de l\u2019il\u00b7lusionisme. Per celebrar aquesta efem\u00e8ride, l\u2019Ajuntament ha volgut incorporar al programa del festival un espectacle especial, gratu\u00eft i obert a tothom, que es far\u00e0 divendres vinent, 21 de febrer, a les 18.30 hores a la pla\u00e7a de la Vila. &nbsp;<\/p>\n\n\n\n<p>Per a aquest espectacle especial, l\u2019Ajuntament de Badalona ha escollit al reconegut mag Yunke, que ha estat tres vegades campi\u00f3 del m\u00f3n de m\u00e0gia i que est\u00e0 considerat un dels mags m\u00e9s innovadors del panorama actual. Es dona la circumst\u00e0ncia que Yunke t\u00e9 una vinculaci\u00f3 amb la hist\u00f2ria del festival, ja que precisament va ser un dels mags que va participar en la seva primera edici\u00f3. L\u2019acte el presentar\u00e0 l\u2019actriu Maria Garrido i inclour\u00e0 una de les il\u00b7lusions m\u00e9s espectaculars del mag Yunke, com \u00e9s la desaparici\u00f3 en directe d\u2019una persona davant de tots els espectadors.<\/p>\n\n\n\n<p>Aquest esdeveniment gratu\u00eft ser\u00e0 l\u2019aperitiu perfecte per donar el tret de sortida a la primera de les grans gales internacionals del festival, que tindr\u00e0 lloc tot seguit al Teatre Zorrilla. Aix\u00ed, Badalona esdevindr\u00e0 durant aquesta jornada un gran escenari de m\u00e0gia en directe, portant el millor il\u00b7lusionisme a tots els racons de la ciutat i oferint un espectacle de primer nivell.<\/p>\n\n\n\n<p>La primera tinenta d\u2019alcaldia de l\u2019Ajuntament de Badalona, Cristina Ag\u00fcera, ha manifestat que \u201cl\u2019Ajuntament vol celebrar el 25 aniversari del festival amb un espectacle obert a tota la ciutadania en un dels espais m\u00e9s emblem\u00e0tics de la ciutat, reafirmant el comprom\u00eds amb la cultura i la difusi\u00f3 de la m\u00e0gia\u201d. Ag\u00fcera ha convidat els badalonins \u201ca gaudir d\u2019aquest esdeveniment m\u00e0gic i a participar en la commemoraci\u00f3 d\u2019un festival que ha portat la millor m\u00e0gia al cor de la ciutat durant un quart de segle\u201d.<\/p>\n","protected":false},"excerpt":{"rendered":"<p>El Festival Internacional de M\u00e0gia Memorial Li-Chang, un dels esdeveniments m\u00e9s emblem\u00e0tics de la programaci\u00f3 cultural de Badalona, arriba enguany al seu 25\u00e8 aniversari, consolidant-se com un referent en el m\u00f3n de l\u2019il\u00b7lusionisme. Per celebrar aquesta efem\u00e8ride, l\u2019Ajuntament ha volgut incorporar al programa del festival un espectacle especial, gratu\u00eft i obert a tothom, que es [&hellip;]<\/p>\n","protected":false},"author":2,"featured_media":8379,"comment_status":"closed","ping_status":"open","sticky":false,"template":"","format":"standard","meta":{"footnotes":""},"categories":[25],"tags":[],"class_list":{"0":"post-8378","1":"post","2":"type-post","3":"status-publish","4":"format-standard","5":"has-post-thumbnail","7":"category-cultura"},"_links":{"self":[{"href":"https:\/\/areabadalona.com\/diario\/wp-json\/wp\/v2\/posts\/8378","targetHints":{"allow":["GET"]}}],"collection":[{"href":"https:\/\/areabadalona.com\/diario\/wp-json\/wp\/v2\/posts"}],"about":[{"href":"https:\/\/areabadalona.com\/diario\/wp-json\/wp\/v2\/types\/post"}],"author":[{"embeddable":true,"href":"https:\/\/areabadalona.com\/diario\/wp-json\/wp\/v2\/users\/2"}],"replies":[{"embeddable":true,"href":"https:\/\/areabadalona.com\/diario\/wp-json\/wp\/v2\/comments?post=8378"}],"version-history":[{"count":1,"href":"https:\/\/areabadalona.com\/diario\/wp-json\/wp\/v2\/posts\/8378\/revisions"}],"predecessor-version":[{"id":8380,"href":"https:\/\/areabadalona.com\/diario\/wp-json\/wp\/v2\/posts\/8378\/revisions\/8380"}],"wp:featuredmedia":[{"embeddable":true,"href":"https:\/\/areabadalona.com\/diario\/wp-json\/wp\/v2\/media\/8379"}],"wp:attachment":[{"href":"https:\/\/areabadalona.com\/diario\/wp-json\/wp\/v2\/media?parent=8378"}],"wp:term":[{"taxonomy":"category","embeddable":true,"href":"https:\/\/areabadalona.com\/diario\/wp-json\/wp\/v2\/categories?post=8378"},{"taxonomy":"post_tag","embeddable":true,"href":"https:\/\/areabadalona.com\/diario\/wp-json\/wp\/v2\/tags?post=8378"}],"curies":[{"name":"wp","href":"https:\/\/api.w.org\/{rel}","templated":true}]}}