{"id":8375,"date":"2025-02-18T10:35:56","date_gmt":"2025-02-18T10:35:56","guid":{"rendered":"https:\/\/areabadalona.com\/diario\/?p=8375"},"modified":"2025-02-18T10:35:57","modified_gmt":"2025-02-18T10:35:57","slug":"lajuntament-de-badalona-i-el-ministeri-per-a-la-transicio-ecologica-arriben-a-un-acord-per-desbloquejar-les-obres-del-pont-del-petroli-aquest-estiu","status":"publish","type":"post","link":"https:\/\/areabadalona.com\/diario\/2025\/02\/18\/lajuntament-de-badalona-i-el-ministeri-per-a-la-transicio-ecologica-arriben-a-un-acord-per-desbloquejar-les-obres-del-pont-del-petroli-aquest-estiu\/","title":{"rendered":"L\u2019Ajuntament de Badalona i el Ministeri per a la Transici\u00f3 Ecol\u00f2gica arriben a un acord per desbloquejar les obres del Pont del Petroli aquest estiu"},"content":{"rendered":"\n<p>L\u2019Ajuntament de Badalona i el Ministeri per a la Transici\u00f3 Ecol\u00f2gica i el Repte Demogr\u00e0fic (MITECO) han arribat a un acord que permetr\u00e0 desbloquejar les obres del Pont del Petroli aquest estiu. L\u2019Alcalde de Badalona, Xavier Garcia Albiol, i el segon tinent d\u2019alcaldia de Territori, Daniel Gracia, s\u2019han reunit aquest mat\u00ed a la seu del ministeri amb la directora General de la Costa y el Mar, Ana Mar\u00eda O\u00f1oro. L\u2019alcalde ha demanat a O\u00f1oro que el ministeri acceleri la documentaci\u00f3 necess\u00e0ria per poder licitar la reparaci\u00f3 de l\u2019emblem\u00e0tic pantal\u00e0 que va quedar danyat el mes de gener de 2020 a causa del temporal Gl\u00f2ria.<\/p>\n\n\n\n<p>Cal recordar que \u00e9s imprescindible que els treballs al pont comencin aquesta primavera, ja que l\u2019\u00e8poca id\u00f2nia per realitzar-los \u00e9s entre els mesos de juny i setembre i no es poden fer fora d\u2019aquesta finestra temporal. Aquest marge de temps limitat es deu al fet que es tracta d\u2019unes obres que s\u2019han de fer en el medi mar\u00ed i que estan totalment condicionades per la meteorologia i l\u2019estat de la mar, per aix\u00f2 s\u2019han d\u2019executar durant els mesos de l\u2019any en qu\u00e8 \u00e9s m\u00e9s improbable que hi hagi temporals.<\/p>\n\n\n\n<p>&nbsp;\u201cLa reuni\u00f3 amb la directora general de la Costa i el Mar ha estat molt positiva i hem acordat el cam\u00ed a seguir per poder desbloquejar en les properes setmanes les dificultats t\u00e8cniques que estan impedint la licitaci\u00f3 de les obres de reforma del Pont del Petroli perqu\u00e8 sigui una realitat aquest mateix any\u201d, ha explicat l\u2019alcalde. \u201cEns trobem en la fase final per poder reparar el Pont del Petroli, un s\u00edmbol de Badalona que necessitem recuperar perqu\u00e8 forma part de la nostra identitat i perqu\u00e8 \u00e9s un element clau per a la projecci\u00f3 tur\u00edstica de la ciutat\u201d, ha afirmat Xavier Garcia Albiol.<\/p>\n","protected":false},"excerpt":{"rendered":"<p>L\u2019Ajuntament de Badalona i el Ministeri per a la Transici\u00f3 Ecol\u00f2gica i el Repte Demogr\u00e0fic (MITECO) han arribat a un acord que permetr\u00e0 desbloquejar les obres del Pont del Petroli aquest estiu. L\u2019Alcalde de Badalona, Xavier Garcia Albiol, i el segon tinent d\u2019alcaldia de Territori, Daniel Gracia, s\u2019han reunit aquest mat\u00ed a la seu del [&hellip;]<\/p>\n","protected":false},"author":2,"featured_media":8376,"comment_status":"closed","ping_status":"open","sticky":false,"template":"","format":"standard","meta":{"footnotes":""},"categories":[23],"tags":[],"class_list":{"0":"post-8375","1":"post","2":"type-post","3":"status-publish","4":"format-standard","5":"has-post-thumbnail","7":"category-actualitat"},"_links":{"self":[{"href":"https:\/\/areabadalona.com\/diario\/wp-json\/wp\/v2\/posts\/8375","targetHints":{"allow":["GET"]}}],"collection":[{"href":"https:\/\/areabadalona.com\/diario\/wp-json\/wp\/v2\/posts"}],"about":[{"href":"https:\/\/areabadalona.com\/diario\/wp-json\/wp\/v2\/types\/post"}],"author":[{"embeddable":true,"href":"https:\/\/areabadalona.com\/diario\/wp-json\/wp\/v2\/users\/2"}],"replies":[{"embeddable":true,"href":"https:\/\/areabadalona.com\/diario\/wp-json\/wp\/v2\/comments?post=8375"}],"version-history":[{"count":1,"href":"https:\/\/areabadalona.com\/diario\/wp-json\/wp\/v2\/posts\/8375\/revisions"}],"predecessor-version":[{"id":8377,"href":"https:\/\/areabadalona.com\/diario\/wp-json\/wp\/v2\/posts\/8375\/revisions\/8377"}],"wp:featuredmedia":[{"embeddable":true,"href":"https:\/\/areabadalona.com\/diario\/wp-json\/wp\/v2\/media\/8376"}],"wp:attachment":[{"href":"https:\/\/areabadalona.com\/diario\/wp-json\/wp\/v2\/media?parent=8375"}],"wp:term":[{"taxonomy":"category","embeddable":true,"href":"https:\/\/areabadalona.com\/diario\/wp-json\/wp\/v2\/categories?post=8375"},{"taxonomy":"post_tag","embeddable":true,"href":"https:\/\/areabadalona.com\/diario\/wp-json\/wp\/v2\/tags?post=8375"}],"curies":[{"name":"wp","href":"https:\/\/api.w.org\/{rel}","templated":true}]}}