{"id":8369,"date":"2025-02-17T09:23:38","date_gmt":"2025-02-17T09:23:38","guid":{"rendered":"https:\/\/areabadalona.com\/diario\/?p=8369"},"modified":"2025-02-17T09:23:39","modified_gmt":"2025-02-17T09:23:39","slug":"mart-carrete-presenta-tancant-cercles-una-immersio-en-labstraccio-a-traves-del-cercle","status":"publish","type":"post","link":"https:\/\/areabadalona.com\/diario\/2025\/02\/17\/mart-carrete-presenta-tancant-cercles-una-immersio-en-labstraccio-a-traves-del-cercle\/","title":{"rendered":"Mart Carret\u00e9 presenta \u201cTancant Cercles\u201d, una immersi\u00f3 en l\u2019abstracci\u00f3 a trav\u00e9s del cercle"},"content":{"rendered":"\n<p>L\u2019obra de Marta Carret\u00e9 arriba a Marcs amb una proposta que convida l\u2019espectador a submergir-se en una experi\u00e8ncia visual i emocional \u00fanica. En aquesta exposici\u00f3, el cercle es manifesta de manera gaireb\u00e9 aut\u00f2noma en gran part de les obres, convertint-se en un element recurrent que no busca una interpretaci\u00f3 literal, sin\u00f3 que esdev\u00e9 un vehicle per a la intu\u00efci\u00f3 i la percepci\u00f3 personal de cada observador.<br>L\u2019artista no pret\u00e9n dictar un significat concret, sin\u00f3 obrir un di\u00e0leg entre l\u2019obra i qui observa on la mirada de cadasc\u00fa esdevingui l\u2019element clau per a la seva comprensi\u00f3. La pintura no explica, sin\u00f3 que interpel\u00b7la, provoca i genera emoci\u00f3. No es tracta de desxifrar un missatge amagat, sin\u00f3 de deixar-se portar pel color, la forma i la textura fins a arribar a un estat de connexi\u00f3 directa amb l\u2019obra.<br>Amb aquesta exposici\u00f3, estem convidats a un exercici de contemplaci\u00f3, on cada visitant podr\u00e0 trobar-hi el seu propi significat, en una experi\u00e8ncia que es transforma amb cada nova mirada.<\/p>\n\n\n\n<p>La Galeria Marcs est\u00e0 situada a l&#8217;Avinguda Mart\u00ed i Pujol, n\u00famero 109, de Badalona. La mostra es podr\u00e0 visitar fins el proper 28 de febrer.<\/p>\n","protected":false},"excerpt":{"rendered":"<p>L\u2019obra de Marta Carret\u00e9 arriba a Marcs amb una proposta que convida l\u2019espectador a submergir-se en una experi\u00e8ncia visual i emocional \u00fanica. En aquesta exposici\u00f3, el cercle es manifesta de manera gaireb\u00e9 aut\u00f2noma en gran part de les obres, convertint-se en un element recurrent que no busca una interpretaci\u00f3 literal, sin\u00f3 que esdev\u00e9 un vehicle [&hellip;]<\/p>\n","protected":false},"author":2,"featured_media":8370,"comment_status":"closed","ping_status":"open","sticky":false,"template":"","format":"standard","meta":{"footnotes":""},"categories":[25],"tags":[],"class_list":{"0":"post-8369","1":"post","2":"type-post","3":"status-publish","4":"format-standard","5":"has-post-thumbnail","7":"category-cultura"},"_links":{"self":[{"href":"https:\/\/areabadalona.com\/diario\/wp-json\/wp\/v2\/posts\/8369","targetHints":{"allow":["GET"]}}],"collection":[{"href":"https:\/\/areabadalona.com\/diario\/wp-json\/wp\/v2\/posts"}],"about":[{"href":"https:\/\/areabadalona.com\/diario\/wp-json\/wp\/v2\/types\/post"}],"author":[{"embeddable":true,"href":"https:\/\/areabadalona.com\/diario\/wp-json\/wp\/v2\/users\/2"}],"replies":[{"embeddable":true,"href":"https:\/\/areabadalona.com\/diario\/wp-json\/wp\/v2\/comments?post=8369"}],"version-history":[{"count":1,"href":"https:\/\/areabadalona.com\/diario\/wp-json\/wp\/v2\/posts\/8369\/revisions"}],"predecessor-version":[{"id":8371,"href":"https:\/\/areabadalona.com\/diario\/wp-json\/wp\/v2\/posts\/8369\/revisions\/8371"}],"wp:featuredmedia":[{"embeddable":true,"href":"https:\/\/areabadalona.com\/diario\/wp-json\/wp\/v2\/media\/8370"}],"wp:attachment":[{"href":"https:\/\/areabadalona.com\/diario\/wp-json\/wp\/v2\/media?parent=8369"}],"wp:term":[{"taxonomy":"category","embeddable":true,"href":"https:\/\/areabadalona.com\/diario\/wp-json\/wp\/v2\/categories?post=8369"},{"taxonomy":"post_tag","embeddable":true,"href":"https:\/\/areabadalona.com\/diario\/wp-json\/wp\/v2\/tags?post=8369"}],"curies":[{"name":"wp","href":"https:\/\/api.w.org\/{rel}","templated":true}]}}