{"id":8365,"date":"2025-02-14T11:03:29","date_gmt":"2025-02-14T11:03:29","guid":{"rendered":"https:\/\/areabadalona.com\/diario\/?p=8365"},"modified":"2025-02-14T11:03:30","modified_gmt":"2025-02-14T11:03:30","slug":"aquest-hivern-torna-el-cicle-de-cinema-infantil-cinc-a-badalona","status":"publish","type":"post","link":"https:\/\/areabadalona.com\/diario\/2025\/02\/14\/aquest-hivern-torna-el-cicle-de-cinema-infantil-cinc-a-badalona\/","title":{"rendered":"Aquest hivern torna el cicle de cinema infantil CINC a Badalona"},"content":{"rendered":"\n<p><strong>Del 22 de febrer al 22 de mar\u00e7<\/strong>, podr\u00e0s gaudir&nbsp;<strong>cada dissabte<\/strong>&nbsp;en horari \u00fanic (<strong>16 h<\/strong>) d&#8217;un nou&nbsp;<strong>Cicle de Cinema Infantil en Catal\u00e0<\/strong>&nbsp;(CINC) a l&#8217;<a href=\"https:\/\/maps.app.goo.gl\/D2Mw2jS3JogWBDSX9\" rel=\"noreferrer noopener\" target=\"_blank\">Ocine del M\u00e0gic Badalona<\/a>. Els m\u00e9s menuts podran gaudir en catal\u00e0 de grans \u00e8xits cinematogr\u00e0fics com&nbsp;<strong>Buffalo Kids<\/strong>&nbsp;o&nbsp;<strong>Vaiana 2<\/strong>. El preu, \u00fanic per a totes les edats, ser\u00e0 de 4,90 \u20ac.<\/p>\n\n\n\n<p>El CINC \u00e9s un cicle de cinema infantil en catal\u00e0, iniciativa del Departament&nbsp;de Pol\u00edtica Ling\u00fc\u00edstica&nbsp;per fer cr\u00e9ixer l&#8217;oferta i el consum de cinema infantil en catal\u00e0, amb la col\u00b7laboraci\u00f3 del Consorci per a la Normalitzaci\u00f3 Ling\u00fc\u00edstica i de diversos ajuntaments, institucions, entitats i cinemes.<\/p>\n\n\n\n<p><strong>PROGRAMACI\u00d3<\/strong>:<\/p>\n\n\n\n<p><em><u><strong>Corre, Tigre, corre! (22\/02)<\/strong><\/u><\/em><\/p>\n\n\n\n<p><strong>Sinopsi<\/strong>: En Tigre Tun, un nen d&#8217;onze anys, empr\u00e8n una missi\u00f3 per mirar de trobar els seus pares, que fa molt de temps que estan desapareguts. L&#8217;acompanya el llegendari i descurat mestre Yang i tots dos s&#8217;embarquen en un viatge emocionant de creixement i aventures a trav\u00e9s d&#8217;una vall extremament perillosa.<\/p>\n\n\n\n<p><strong>Tr\u00e0iler<\/strong>:&nbsp;<a href=\"https:\/\/www.youtube.com\/watch?v=xfLbAHa7gU4&amp;pp=ygUadGlncmUgY29ycmUgY2luZW1hIGNhdGFsw6A%3D\" rel=\"noreferrer noopener\" target=\"_blank\">Corre, Tigre, corre! (youtube.com)<\/a><\/p>\n\n\n\n<p><em><u><strong>Buffalo Kids (01\/03)<\/strong><\/u><\/em><\/p>\n\n\n\n<p><strong>Sinopsi<\/strong>: Dos orfes irlandesos es traslladen a Nova York i s&#8217;embarquen en un emocionant viatge de tren per tal de retrobar el seu oncle i reclamar-li una her\u00e8ncia. Durant el trajecte es fan amics d&#8217;una institutriu que supervisa un altre grup d&#8217;orfes i han de fer front a l&#8217;atac d&#8217;uns bandits.\u202f<\/p>\n\n\n\n<p><strong>Tr\u00e0iler<\/strong>:&nbsp;<a href=\"https:\/\/www.youtube.com\/watch?v=RfeZZrrX-Aw&amp;pp=ygUbYnVmZmFsbyBraWRzIGNpbmVtYSBjYXRhbMOg\" rel=\"noreferrer noopener\" target=\"_blank\">Buffalo Kids (youtube.com)<\/a><\/p>\n\n\n\n<p><em><u><strong>Colla al rescat (08\/03)<\/strong><\/u><\/em><\/p>\n\n\n\n<p><strong>Sinopsi<\/strong>: Un supermalvat misteri\u00f3s ha cobert la selva amb una escuma t\u00f2xica que explota en contacte amb l&#8217;aigua. Falta menys d&#8217;un mes per l&#8217;estaci\u00f3 de les pluges i la colla de la selva \u00e9s cridada al rescat. Per a en Maurice i els seus amics mai no hi ha hagut tant en joc i viatjaran fins on faci falta per tal de trobar un ant\u00eddot adient.<\/p>\n\n\n\n<p><strong>Tr\u00e0iler<\/strong>:&nbsp;<a href=\"https:\/\/www.youtube.com\/watch?v=XvdYOiypNyE&amp;pp=ygUeY29sbGEgYWwgcmVzY2F0IGNpbmVtYSBjYXRhbMOg\" rel=\"noreferrer noopener\" target=\"_blank\">Colla al rescat. Cinema en catal\u00e0 (youtube.com)<\/a><\/p>\n\n\n\n<p><em><u><strong>Vaiana 2 (15\/03)<\/strong><\/u><\/em><\/p>\n\n\n\n<p><strong>Sinopsi<\/strong>: Seq\u00fcela de Vaiana. La crida inesperada dels avantpassats du la Vaiana a navegar cap a les mars llunyanes d&#8217;Oceania, a bord d&#8217;una embarcaci\u00f3 for\u00e7a prec\u00e0ria. Durant el viatge s&#8217;endinsar\u00e0 en aig\u00fces perilloses i desconegudes i acabar\u00e0 vivint una aventura sense precedents.\u202f\u202f<\/p>\n\n\n\n<p><strong>Tr\u00e0iler<\/strong>:&nbsp;<a href=\"https:\/\/www.youtube.com\/watch?v=qgpzfnhYxnQ&amp;pp=ygUXdmFpYW5hIDIgY2luZW1hIGNhdGFsw6A%3D\" rel=\"noreferrer noopener\" target=\"_blank\">Vaiana 2 (youtube.com)<\/a><\/p>\n\n\n\n<p><em><u><strong>Herois de Central Park (22\/03)<\/strong><\/u><\/em><\/p>\n\n\n\n<p><strong>Sinopsi<\/strong>: Els camins d&#8217;una titella fugitiva que t\u00e9 una imaginaci\u00f3 il\u00b7limitada i d&#8217;un peluix abandonat que necessita un amic s&#8217;entrecreuen al Central Park de Nova York. De seguida es fan amics i viuen plegats una aventura \u00e8pica a la ciutat dels gratacels\u202f<\/p>\n\n\n\n<p><strong>Tr\u00e0iler<\/strong>:&nbsp;<a href=\"https:\/\/www.youtube.com\/watch?v=t8oyl6hdlT0&amp;pp=ygUgaGVyb2lzIGRlIGNlbnRyYWwgY2luZW1hIGNhdGFsw6A%3D\" rel=\"noreferrer noopener\" target=\"_blank\">Herois de Central Park. Cinema en catal\u00e0 (youtube.com)<\/a><\/p>\n","protected":false},"excerpt":{"rendered":"<p>Del 22 de febrer al 22 de mar\u00e7, podr\u00e0s gaudir&nbsp;cada dissabte&nbsp;en horari \u00fanic (16 h) d&#8217;un nou&nbsp;Cicle de Cinema Infantil en Catal\u00e0&nbsp;(CINC) a l&#8217;Ocine del M\u00e0gic Badalona. Els m\u00e9s menuts podran gaudir en catal\u00e0 de grans \u00e8xits cinematogr\u00e0fics com&nbsp;Buffalo Kids&nbsp;o&nbsp;Vaiana 2. El preu, \u00fanic per a totes les edats, ser\u00e0 de 4,90 \u20ac. El CINC [&hellip;]<\/p>\n","protected":false},"author":1,"featured_media":8366,"comment_status":"closed","ping_status":"open","sticky":false,"template":"","format":"standard","meta":{"footnotes":""},"categories":[25],"tags":[],"class_list":{"0":"post-8365","1":"post","2":"type-post","3":"status-publish","4":"format-standard","5":"has-post-thumbnail","7":"category-cultura"},"_links":{"self":[{"href":"https:\/\/areabadalona.com\/diario\/wp-json\/wp\/v2\/posts\/8365","targetHints":{"allow":["GET"]}}],"collection":[{"href":"https:\/\/areabadalona.com\/diario\/wp-json\/wp\/v2\/posts"}],"about":[{"href":"https:\/\/areabadalona.com\/diario\/wp-json\/wp\/v2\/types\/post"}],"author":[{"embeddable":true,"href":"https:\/\/areabadalona.com\/diario\/wp-json\/wp\/v2\/users\/1"}],"replies":[{"embeddable":true,"href":"https:\/\/areabadalona.com\/diario\/wp-json\/wp\/v2\/comments?post=8365"}],"version-history":[{"count":1,"href":"https:\/\/areabadalona.com\/diario\/wp-json\/wp\/v2\/posts\/8365\/revisions"}],"predecessor-version":[{"id":8367,"href":"https:\/\/areabadalona.com\/diario\/wp-json\/wp\/v2\/posts\/8365\/revisions\/8367"}],"wp:featuredmedia":[{"embeddable":true,"href":"https:\/\/areabadalona.com\/diario\/wp-json\/wp\/v2\/media\/8366"}],"wp:attachment":[{"href":"https:\/\/areabadalona.com\/diario\/wp-json\/wp\/v2\/media?parent=8365"}],"wp:term":[{"taxonomy":"category","embeddable":true,"href":"https:\/\/areabadalona.com\/diario\/wp-json\/wp\/v2\/categories?post=8365"},{"taxonomy":"post_tag","embeddable":true,"href":"https:\/\/areabadalona.com\/diario\/wp-json\/wp\/v2\/tags?post=8365"}],"curies":[{"name":"wp","href":"https:\/\/api.w.org\/{rel}","templated":true}]}}