{"id":8362,"date":"2025-02-14T09:37:23","date_gmt":"2025-02-14T09:37:23","guid":{"rendered":"https:\/\/areabadalona.com\/diario\/?p=8362"},"modified":"2025-02-14T09:37:24","modified_gmt":"2025-02-14T09:37:24","slug":"els-mossos-desquadra-i-la-guardia-urbana-de-badalona-desmantellen-una-associacio-cannabica-que-es-dedicava-al-trafic-de-drogues","status":"publish","type":"post","link":"https:\/\/areabadalona.com\/diario\/2025\/02\/14\/els-mossos-desquadra-i-la-guardia-urbana-de-badalona-desmantellen-una-associacio-cannabica-que-es-dedicava-al-trafic-de-drogues\/","title":{"rendered":"Els Mossos d\u2019Esquadra i la Gu\u00e0rdia Urbana de Badalona desmantellen una associaci\u00f3 cann\u00e0bica que es dedicava al tr\u00e0fic de drogues"},"content":{"rendered":"\n<p>Agents de la Policia de la Generalitat &#8211; Mossos d\u2019Esquadra de la Unitat d&#8217;Investigaci\u00f3 de Badalona, amb la col\u00b7laboraci\u00f3 dels agents de la Gu\u00e0rdia Urbana de Badalona, han denunciat penalment el responsable d\u2019una associaci\u00f3 de c\u00e0nnabis situada al carrer Jaume Borr\u00e0s de Badalona, aix\u00ed com una dona que hi venia subst\u00e0ncies estupefaents, com a presumptes autors d\u2019un delicte contra la salut p\u00fablica en el seu vessant de tr\u00e0fic de drogues.<\/p>\n\n\n\n<p>L\u2019inici de la investigaci\u00f3 es remunta a principis de febrer, quan agents de la Gu\u00e0rdia Urbana de Badalona van tenir coneixement que una associaci\u00f3 de c\u00e0nnabis de la ciutat es podria dedicar al tr\u00e0fic de drogues. Els agents van comissar drogues a diverses persones que sortien del local.<\/p>\n\n\n\n<p>La llei que regeix aquest tipus d\u2019establiments estableix que les subst\u00e0ncies estupefaents que subministren s\u2019han de consumir a l\u2019interior del local i no es poden treure fora. La Unitat d\u2019Investigaci\u00f3 de Badalona va comprovar tamb\u00e9 que moltes persones entraven al local i en sortien sense temps per consumir-hi dins. De fet, van denunciar administrativament diverses persones a la via p\u00fablica per tinen\u00e7a de subst\u00e0ncies estupefaents que acabaven de comprar dins de l\u2019associaci\u00f3.<\/p>\n\n\n\n<p>Un cop la Unitat d\u2019Investigaci\u00f3 dels Mossos d\u2019Esquadra va tenir tota la informaci\u00f3 recopilada, l\u201911 de febrer, pels volts de les 16:30 hores, van fer una entrada i escorcoll a l\u2019establiment del carrer Jaume Borr\u00e0s conjuntament amb agents de la Gu\u00e0rdia Urbana de Badalona, i amb autoritzaci\u00f3 judicial. All\u00e0, els policies, a banda de denunciar penalment a dues persones com a presumptes autors d\u2019un delicte de tr\u00e0fic de drogues, van comissar 5.558 grams de marihuana en cabdells, 2.071 grams d\u2019haixix, 336 porros ja preparats, 38 bl\u00edsters de resina d\u2019haixix i 30 grams d\u2019oli de c\u00e0nnabis, a m\u00e9s tamb\u00e9 van comissar 5.949 euros en efectiu.<\/p>\n\n\n\n<p>D\u2019altra banda, durant l\u2019escorcoll, la Gu\u00e0rdia Urbana de Badalona va detectar diverses irregularitats administratives, que van derivar en un total d&#8217;11 actes. Les infraccions constatades inclouen la manca de llic\u00e8ncia d&#8217;activitat, defici\u00e8ncies en seguretat i higiene, abs\u00e8ncia de perm\u00eds d&#8217;obra menor i la manca d&#8217;asseguran\u00e7a de responsabilitat civil. Les actes tamb\u00e9 van ser a causa d\u2019incompliments en la documentaci\u00f3 requerida, incloent-hi llibres de registre de socis i comptabilitat, entre altres, i per l&#8217;incompliment de la normativa de protecci\u00f3 de dades en mat\u00e8ria de videovigil\u00e0ncia.<\/p>\n\n\n\n<p>L\u2019alcalde de Badalona, Xavier Garcia Albiol, ha assegurat que \u201cel govern no donar\u00e0 treva als delinq\u00fcents i continuar\u00e0 actuant amb contund\u00e8ncia per erradicar la criminalitat i garantir la seguretat a Badalona\u201d. Garcia Albiol ha manifestat la seva satisfacci\u00f3 davant aquesta nova actuaci\u00f3 policial, que suposa desmantellar una activitat delictiva contra la salut p\u00fablica, que perjudica els ciutadans. \u201cLa col\u00b7laboraci\u00f3 entre els cossos policials \u00e9s fonamental i est\u00e0 donant resultats, tal com demostren operacions com aquesta\u201d, ha afirmat.<\/p>\n","protected":false},"excerpt":{"rendered":"<p>Agents de la Policia de la Generalitat &#8211; Mossos d\u2019Esquadra de la Unitat d&#8217;Investigaci\u00f3 de Badalona, amb la col\u00b7laboraci\u00f3 dels agents de la Gu\u00e0rdia Urbana de Badalona, han denunciat penalment el responsable d\u2019una associaci\u00f3 de c\u00e0nnabis situada al carrer Jaume Borr\u00e0s de Badalona, aix\u00ed com una dona que hi venia subst\u00e0ncies estupefaents, com a presumptes [&hellip;]<\/p>\n","protected":false},"author":2,"featured_media":8363,"comment_status":"closed","ping_status":"open","sticky":false,"template":"","format":"standard","meta":{"footnotes":""},"categories":[23],"tags":[],"class_list":{"0":"post-8362","1":"post","2":"type-post","3":"status-publish","4":"format-standard","5":"has-post-thumbnail","7":"category-actualitat"},"_links":{"self":[{"href":"https:\/\/areabadalona.com\/diario\/wp-json\/wp\/v2\/posts\/8362","targetHints":{"allow":["GET"]}}],"collection":[{"href":"https:\/\/areabadalona.com\/diario\/wp-json\/wp\/v2\/posts"}],"about":[{"href":"https:\/\/areabadalona.com\/diario\/wp-json\/wp\/v2\/types\/post"}],"author":[{"embeddable":true,"href":"https:\/\/areabadalona.com\/diario\/wp-json\/wp\/v2\/users\/2"}],"replies":[{"embeddable":true,"href":"https:\/\/areabadalona.com\/diario\/wp-json\/wp\/v2\/comments?post=8362"}],"version-history":[{"count":1,"href":"https:\/\/areabadalona.com\/diario\/wp-json\/wp\/v2\/posts\/8362\/revisions"}],"predecessor-version":[{"id":8364,"href":"https:\/\/areabadalona.com\/diario\/wp-json\/wp\/v2\/posts\/8362\/revisions\/8364"}],"wp:featuredmedia":[{"embeddable":true,"href":"https:\/\/areabadalona.com\/diario\/wp-json\/wp\/v2\/media\/8363"}],"wp:attachment":[{"href":"https:\/\/areabadalona.com\/diario\/wp-json\/wp\/v2\/media?parent=8362"}],"wp:term":[{"taxonomy":"category","embeddable":true,"href":"https:\/\/areabadalona.com\/diario\/wp-json\/wp\/v2\/categories?post=8362"},{"taxonomy":"post_tag","embeddable":true,"href":"https:\/\/areabadalona.com\/diario\/wp-json\/wp\/v2\/tags?post=8362"}],"curies":[{"name":"wp","href":"https:\/\/api.w.org\/{rel}","templated":true}]}}