{"id":8322,"date":"2025-01-31T10:47:32","date_gmt":"2025-01-31T10:47:32","guid":{"rendered":"https:\/\/areabadalona.com\/diario\/?p=8322"},"modified":"2025-02-05T10:48:12","modified_gmt":"2025-02-05T10:48:12","slug":"operatiu-de-neteja-especial-per-a-treure-dels-carrers-els-carros-metal%c2%b7lics-i-altres-elements-lligats-a-arbres-senyals-o-mobiliari-urba","status":"publish","type":"post","link":"https:\/\/areabadalona.com\/diario\/2025\/01\/31\/operatiu-de-neteja-especial-per-a-treure-dels-carrers-els-carros-metal%c2%b7lics-i-altres-elements-lligats-a-arbres-senyals-o-mobiliari-urba\/","title":{"rendered":"Operatiu de neteja especial per a treure dels carrers els carros met\u00e0l\u00b7lics i altres elements lligats a arbres, senyals o mobiliari urb\u00e0"},"content":{"rendered":"\n<p>L\u2019Ajuntament de Badalona ha portat a terme una operaci\u00f3 intensiva de retirada dels carrers dels carros met\u00e0l\u00b7lics de la compra, bicicletes i altres andr\u00f2mines i elements que, lligats a arbres, senyals o mobiliari urb\u00e0, entorpeixen la circulaci\u00f3 de les persones, ocasionen mol\u00e8sties als ve\u00efns, embruten els carrers i poden fer malb\u00e9 el mobiliari urb\u00e0.<\/p>\n\n\n\n<p>La intervenci\u00f3 va tenir lloc la nit de dimecres 29 a dijous 30 de gener i es va centrar en aquelles zones on es produeix m\u00e9s aquesta situaci\u00f3 i, especialment, als carrers on les voreres s\u00f3n m\u00e9s estretes i es perjudica m\u00e9s el pas als vianants.<\/p>\n\n\n\n<p>Els equips de neteja, equipats amb eines per alliberar els cadenats amb els quals estaven lligats els carros i amb camions per a retirar-los de la via p\u00fablica, van comptar amb el suport d\u2019agents de la Gu\u00e0rdia Urbana. L\u2019operatiu es va saldar amb la retirada de 13 carros met\u00e0l\u00b7lics, a m\u00e9s de bicicletes i altres elements que no han d\u2019estar al mig de les voreres.<\/p>\n\n\n\n<p>L\u2019alcalde de Badalona, Xavier Garcia Albiol, ha assenyalat: \u201cles voreres de la ciutat no s\u00f3n cap traster i els ve\u00efns no han de patir aquestes situacions a les portes de casa seva\u201d. L\u2019alcalde ha afegit que aquestes actuacions es tornaran a repetir per a deixar els carrers nets d\u2019aquests elements.<\/p>\n","protected":false},"excerpt":{"rendered":"<p>L\u2019Ajuntament de Badalona ha portat a terme una operaci\u00f3 intensiva de retirada dels carrers dels carros met\u00e0l\u00b7lics de la compra, bicicletes i altres andr\u00f2mines i elements que, lligats a arbres, senyals o mobiliari urb\u00e0, entorpeixen la circulaci\u00f3 de les persones, ocasionen mol\u00e8sties als ve\u00efns, embruten els carrers i poden fer malb\u00e9 el mobiliari urb\u00e0. La [&hellip;]<\/p>\n","protected":false},"author":2,"featured_media":8323,"comment_status":"closed","ping_status":"open","sticky":false,"template":"","format":"standard","meta":{"footnotes":""},"categories":[23],"tags":[],"class_list":{"0":"post-8322","1":"post","2":"type-post","3":"status-publish","4":"format-standard","5":"has-post-thumbnail","7":"category-actualitat"},"_links":{"self":[{"href":"https:\/\/areabadalona.com\/diario\/wp-json\/wp\/v2\/posts\/8322","targetHints":{"allow":["GET"]}}],"collection":[{"href":"https:\/\/areabadalona.com\/diario\/wp-json\/wp\/v2\/posts"}],"about":[{"href":"https:\/\/areabadalona.com\/diario\/wp-json\/wp\/v2\/types\/post"}],"author":[{"embeddable":true,"href":"https:\/\/areabadalona.com\/diario\/wp-json\/wp\/v2\/users\/2"}],"replies":[{"embeddable":true,"href":"https:\/\/areabadalona.com\/diario\/wp-json\/wp\/v2\/comments?post=8322"}],"version-history":[{"count":1,"href":"https:\/\/areabadalona.com\/diario\/wp-json\/wp\/v2\/posts\/8322\/revisions"}],"predecessor-version":[{"id":8324,"href":"https:\/\/areabadalona.com\/diario\/wp-json\/wp\/v2\/posts\/8322\/revisions\/8324"}],"wp:featuredmedia":[{"embeddable":true,"href":"https:\/\/areabadalona.com\/diario\/wp-json\/wp\/v2\/media\/8323"}],"wp:attachment":[{"href":"https:\/\/areabadalona.com\/diario\/wp-json\/wp\/v2\/media?parent=8322"}],"wp:term":[{"taxonomy":"category","embeddable":true,"href":"https:\/\/areabadalona.com\/diario\/wp-json\/wp\/v2\/categories?post=8322"},{"taxonomy":"post_tag","embeddable":true,"href":"https:\/\/areabadalona.com\/diario\/wp-json\/wp\/v2\/tags?post=8322"}],"curies":[{"name":"wp","href":"https:\/\/api.w.org\/{rel}","templated":true}]}}