{"id":8319,"date":"2025-01-31T10:46:07","date_gmt":"2025-01-31T10:46:07","guid":{"rendered":"https:\/\/areabadalona.com\/diario\/?p=8319"},"modified":"2025-02-05T10:46:51","modified_gmt":"2025-02-05T10:46:51","slug":"el-festival-internacional-de-magia-de-badalona-celebra-25-anys-impulsant-lil%c2%b7lusionisme","status":"publish","type":"post","link":"https:\/\/areabadalona.com\/diario\/2025\/01\/31\/el-festival-internacional-de-magia-de-badalona-celebra-25-anys-impulsant-lil%c2%b7lusionisme\/","title":{"rendered":"El Festival Internacional de M\u00e0gia de Badalona celebra 25 anys impulsant l\u2019il\u00b7lusionisme"},"content":{"rendered":"\n<p>El Festival Internacional de M\u00e0gia de Badalona &#8211; Memorial Li-Chang arriba al primer quart de segle convertit en un referent de l\u2019il\u00b7lusionisme i amb la mateixa passi\u00f3 que el primer dia. Aquest migdia ha tingut l\u2019acte de presentaci\u00f3 de la programaci\u00f3 al Teatre Zorrilla que ha comptat amb la primera tinenta d\u2019alcaldia, Cristina Ag\u00fcera, la regidora de Cultura, Vanesa Gonz\u00e1lez, i el director art\u00edstic, Enric Magoo.<\/p>\n\n\n\n<p>La primera tinent d&#8217;alcalde, Cristina Ag\u00fcera, ha explicat que Badalona se sent molt orgullosa d\u2019aquests 25 anys del Festival Internacional de M\u00e0gia Memorial Li-Chang, \u00abuna traject\u00f2ria que demostra que les coses s\u2019han fet molt b\u00e9 i que ha consolidat aquest festival com una refer\u00e8ncia en el m\u00f3n de la m\u00e0gia\u00bb. \u00abAquesta edici\u00f3 ser\u00e0 especialment significativa i, per aix\u00f2, comptar\u00e0 amb propostes especials, com un gran espectacle gratu\u00eft a la pla\u00e7a de la Vila i la&nbsp; col\u00b7laboraci\u00f3 amb l\u2019ONCE, que permetr\u00e0 donar a con\u00e8ixer Badalona i el festival a trav\u00e9s de cinc milions i mig de cupons distribu\u00efts per tot Espanya\u00bb. Ag\u00fcera ha destacat tamb\u00e9 que \u201cel Festival Internacional de M\u00e0gia no nom\u00e9s porta el nom de Badalona a l\u2019\u00e0mbit internacional, sin\u00f3 que tamb\u00e9 fa ciutat, amb activitats que omplen de m\u00e0gia cada rac\u00f3 del municipi i apropen aquest art a tothom.\u00bb<\/p>\n\n\n\n<p><strong>Un quart de segle d\u2019hist\u00f2ria<\/strong><\/p>\n\n\n\n<p>Durant 25 anys la cita ha estat escenari dels millors mags i magues del m\u00f3n i ha reconegut les traject\u00f2ries m\u00e9s brillants de l\u2019\u00e0mbit de la prestidigitaci\u00f3. Molts dels artistes han crescut amb el festival, acompanyats d\u2019un p\u00fablic que tamb\u00e9 ha anat sumant generacions. Amb la convicci\u00f3 que \u201cla m\u00e0gia permet inspirar, connectar i fer somiar\u201d \u2013com afirma el director art\u00edstic del festival, el mag badalon\u00ed Enric Magoo\u2013 i amb el record sempre present del tamb\u00e9 mag badalon\u00ed Joan Forns i Jordana \u201cLi-Chang\u201d (1916-1998) \u2013a qui es ret un perpetu homenatge\u2013, l\u2019esdeveniment viur\u00e0 enguany una edici\u00f3 molt especial i emotiva amb noves hist\u00f2ries m\u00e0giques per compartir.<\/p>\n\n\n\n<p>De l\u20191 de febrer al 2 de mar\u00e7, Badalona acollir\u00e0 una programaci\u00f3 de m\u00e0gia variada, cosmopolita i d\u2019alta qualitat. Com \u00e9s habitual, anir\u00e0 a mans de reconeguts mags i magues, tant locals i nacionals com internacionals, procedents de pa\u00efsos d\u2019arreu d\u2019Europa i del m\u00f3n. Entre ells destaquen noms com Bonjin Koo (Corea del Sud), Juan Esteban Varela (Xile), Dion (Pa\u00efsos Baixos), Jaana Felicitas (Alemanya), Topas (Alemanya), la parella Luis Boyano i Karla (Madrid) i Mag Lari (Barcelona). A m\u00e9s, en aquesta edici\u00f3, la Gala Internacional inclour\u00e0 altres g\u00e8neres com la dansa, l\u2019espiritisme, el teatre oper\u00edstic i la m\u00fasica, enriquint l\u2019experi\u00e8ncia m\u00e0gica.<\/p>\n\n\n\n<p>Les representacions principals tindran lloc en tres espais d\u2019actuaci\u00f3: el Teatre Zorrilla, el Teatre Margarida Xirgu i el Teatre Blas Infante, als quals s\u2019afegiran altres actuacions, tallers i activitats paral\u00b7leles al Centre Comercial M\u00e0gic, a Can Ban\u00fas, al teatre del C\u00edrcol, a la llibreria Saltamart\u00ed, al Centre de Recursos Pedag\u00f2gics i a les biblioteques i centres culturals de la ciutat.<\/p>\n\n\n\n<p>Estenent-se per tots els racons de Badalona, el festival busca ser inclusiu i accessible per apropar la m\u00e0gia a la poblaci\u00f3, uns valors que complementa amb diverses accions solid\u00e0ries de recaptaci\u00f3 de fons. Aix\u00ed, enguany, el festival col\u00b7labora amb la ONCE en el marc de l\u2019espectacle de m\u00e0gia a cegues \u2018Dentro de lo invisible\u2019 i recaptar\u00e0 fons per l\u2019Associaci\u00f3 Contra el C\u00e0ncer a Barcelona (AACB) i Solidarim\u00e0gia a trav\u00e9s dels espectacles \u2018Strafalari\u2019 de Mag Lari i la Gala Solid\u00e0ria de M\u00e0gia, respectivament.<\/p>\n\n\n\n<p>Organitzada per l\u2019empresa municipal Badalona Cultura amb la direcci\u00f3 art\u00edstica del mag badalon\u00ed Enric Magoo, el Festival Internacional de M\u00e0gia esdev\u00e9 una cita imprescindible per viure l\u2019incre\u00efble oportunitat de gaudir, a casa nostra, de la millor m\u00e0gia actual que s\u2019est\u00e0 fent arreu del m\u00f3n.<\/p>\n\n\n\n<p><strong>ESPECTACLES ALS TEATRES<\/strong><\/p>\n\n\n\n<p>El Mag Lari donar\u00e0 el tret de sortida del festival als teatres municipals el divendres 7 de febrer, al Teatre Zorrilla, amb \u2018Strafalari\u2019, un show de m\u00e0gia al m\u00e9s pur estil Las Vegas, amb grans il\u00b7lusions, dosis d\u2019humor, participaci\u00f3 del p\u00fablic i un vestuari impressionant. La recaptaci\u00f3 de l\u2019espectacle es destinar\u00e0 a l\u2019Associaci\u00f3 Contra el C\u00e0ncer a Barcelona.<\/p>\n\n\n\n<p>L\u2019endem\u00e0, dissabte 8 de febrer, al Teatre Margarida Xirgu, ser\u00e0 el torn de Juan Esteban Varela amb una pe\u00e7a inusual de m\u00e0gia a cegues, feta en la m\u00e9s absoluta obscuritat. A \u2018Dentro de lo invisible\u2019, el mag xil\u00e8 explora les diferents textures i emocions que emergeixen, nom\u00e9s, quan som a les fosques. Els espectadors que ho necessitin portaran un antifa\u00e7 durant tota la funci\u00f3 per viure l\u2019experi\u00e8ncia sensorial amb les mateixes condicions que les persones cegues. L\u2019espectacle, en col\u00b7laboraci\u00f3 amb la ONCE, proposa aix\u00ed una trobada \u00edntima, i col\u00b7lectiva alhora, amb els sentits.<\/p>\n\n\n\n<p>La programaci\u00f3 es reprendr\u00e0 el diumenge 16 de febrer, al Teatre Margarida Xirgu, amb el guardonat espectacle familiar \u2018KariGuri\u2019 de la Cia. Giramagic (Premi Drac d\u2019Or al millor espectacle de la Fira de Titelles de Lleida 2023 i Premi del P\u00fablic a la Mostra Igualada 2023). Recomanat a partir de 5 anys i interpretat per Joana Rhein i Miquel Crespi, combina m\u00e0gia, titelles, m\u00e0scares, clown, teatre f\u00edsic i poesia visual creant un univers on\u00edric de gran bellesa.<\/p>\n\n\n\n<p><strong>CAP DE SETMANA M\u00c0GIC: GALA INTERNACIONAL DE M\u00c0GIA<\/strong><\/p>\n\n\n\n<p>El 25\u00e8 aniversari del Memorial Li-Chang se celebrar\u00e0 al Teatre Zorrilla amb unes gales internacionals de m\u00e0gia de primer\u00edssim nivell el cap de setmana del 21, 22 i 23 de febrer. En aquesta edici\u00f3 el festival s\u2019atreveix a anar m\u00e9s enll\u00e0 de la m\u00e0gia i fusionar\u00e0 el m\u00f3n de l\u2019il\u00b7lusionisme amb altres esferes com ara la dansa, l\u2019espiritisme, el teatre oper\u00edstic i la m\u00fasica.<\/p>\n\n\n\n<p>Les gales, presentades i dinamitzades pel mag badalon\u00ed Isaac Jurado, esdevindran un gran show amb tres premis mundials on els objectes cobraran vida. S\u2019hi veur\u00e0 el conill m\u00e0gic blanc del mag holand\u00e8s Dion, la cadira flotant de la maga alemanya Jaana Felicitas, la cabina dels esperits de la parella madrilenya Luis Boyano i Karla, les m\u00e0scares xineses del sud-core\u00e0 Bonjin Koo i les cartes musicals del mag i comediant alemany Topas.<\/p>\n\n\n\n<p><strong>ESPECTACLE SORPRESA A LA PLA\u00c7A DE LA VILA<\/strong><\/p>\n\n\n\n<p>Una estona abans que comenci la primera Gala Internacional, tindr\u00e0 lloc, a la Pla\u00e7a de la Vila, el divendres 21 de febrer un espectacle sorpresa per commemorar el 25\u00e8 aniversari del Festival Internacional de M\u00e0gia de Badalona &#8211; Memorial Li-Chang. Se celebraran els 25 anys de m\u00e0gia a Badalona amb un gran il\u00b7lusionista, en un esdeveniment especial, gratu\u00eft i obert a tothom.<\/p>\n\n\n\n<p><strong>MENCI\u00d3 HONOR\u00cdFICA, RECONEIXEMENT A LA FAM\u00cdLIA DE LI-CHANG I PREMI LI-CHANG<\/strong><\/p>\n\n\n\n<p>La Gala Internacional de M\u00e0gia t\u00e9 reservades, a m\u00e9s, tres distincions. D\u2019una banda, la Menci\u00f3 Honor\u00edfica que divendres 21 de febrer es concedir\u00e0 a una personalitat o empresa del m\u00f3n de la m\u00e0gia en reconeixement a la seva carrera art\u00edstica i\/o traject\u00f2ria professional. Enguany recau sobre el director art\u00edstic de les 25 edicions del festival, Enric Magoo, que amb 45 anys de carrera ha participat en m\u00e9s de 300 festivals internacionals de m\u00e0gia, ha ofert m\u00e9s de 6.000 actuacions i ha obtingut importants reconeixements com el Gran Premi Nacional de M\u00e0gia (1987 i 1995) i el 3r Premi Mundial de M\u00e0gia C\u00f2mica a Su\u00efssa, FISM (1991), entre d\u2019altres.<\/p>\n\n\n\n<p>La segona distinci\u00f3 rau en el guard\u00f3 que, tamb\u00e9 el divendres 21 de febrer, s\u2019entregar\u00e0 a la filla de \u201cLi-Chang\u201d, Montserrat Forns Mitjans, agraint el llegat del mag Joan Forns i Jordana \u201cLi-Chang\u201d (1916-1998) que ha mantingut la fam\u00edlia i la seva col\u00b7laboraci\u00f3 durant els 25 anys del festival.<\/p>\n\n\n\n<p>Finalment, com cada any, es lliurar\u00e0 el Premi Li-Chang. El diumenge 23 de febrer (en l\u2019\u00faltima sessi\u00f3 de la Gala Internacional) es reconeixer\u00e0, a trav\u00e9s d\u2019un sistema de vot telem\u00e0tic, el mag, maga o grup que hagi actuat a les gales m\u00e9s ben valorat pel p\u00fablic.<\/p>\n\n\n\n<p><strong>GALA SOLID\u00c0RIA DE M\u00c0GIA<\/strong><\/p>\n\n\n\n<p>El festival clour\u00e0 el diumenge 2 de mar\u00e7 amb la ja tradicional Gala Solid\u00e0ria de M\u00e0gia que reunir\u00e0 al Teatre Blas Infante cinc dels joves guanyadors del Premi Jove Li-Chang que s\u2019atorga cada any al Festival M\u00e0gicus de Barcelona. Seran el mag badalon\u00ed \u00c1lvaro Cort\u00e9s, Premi Nacional de M\u00e0gia i Premi Li-Chang a les Gales Internacionals; els joves il\u00b7lusionistes Pol Pavo i Aleix Ferrer, coneixedors de diverses branques de la m\u00e0gia, com la manipulaci\u00f3, la cartom\u00e0gia i la m\u00e0gia d\u2019escena; Carlitos, Premi Jove Li-Chang 2025; i el doble Premi Nacional de M\u00e0gia i especialista en m\u00e0gia de prop Daniel S\u00e1nchez, que s\u2019encarregar\u00e0 de presentar totes les actuacions.<\/p>\n\n\n\n<p>La recaptaci\u00f3 de la gala es destinar\u00e0, un any m\u00e9s, a Solidarim\u00e0gia, una iniciativa que acosta la m\u00e0gia a tothom i a tot arreu. Amb l\u2019edici\u00f3 d\u2019enguany el projecte tornar\u00e0 a Senegal per oferir els seus espectacles i tallers de m\u00e0gia als hospitals oncol\u00f2gics infantils, orfenats, leproseries de Dakar i a les escoles a\u00efllades al mig de la sabana africana, entre d\u2019altres.<\/p>\n\n\n\n<p><strong>ALTRES ACTIVITATS M\u00c0GIQUES<\/strong><\/p>\n\n\n\n<p>La programaci\u00f3 del 25\u00e8 Festival Internacional de M\u00e0gia de Badalona es completa amb un conjunt d\u2019activitats que tindran lloc en diferents punts de la ciutat com la Trobada de Mags de Catalunya (dissabte 1 de febrer) al Centre Comercial M\u00e0gic, amb les actuacions de mags de les diferents associacions de m\u00e0gia de Catalunya, tant de m\u00e0gia de prop com d\u2019escena; l\u2019espectacle de m\u00e0gia familiar \u2018La m\u00e0gia existeix\u2019 d\u2019\u00c0lvaro Cort\u00e9s (diumenge 2 de febrer) al teatre del C\u00edrcol; el Taller de m\u00e0gia solidari per la Fundaci\u00f3 Acollida i Esperan\u00e7a (dissabte 15 de febrer) a Can Ban\u00fas amb l\u2019Associaci\u00f3 Badalona Escola de M\u00e0gia (BEM); l\u2019espectacle escolar \u2018KariGuri\u2019 de la Cia. Giramagic (dilluns 17 de febrer) al Teatre Margarida Xirgu; l\u2019actuaci\u00f3 de m\u00e0gia a la llibreria Saltamart\u00ed a c\u00e0rrec de Mag Rovi (dissabte 22 de febrer) i la proposta Literatura i m\u00e0gia \u2018La botiga de vides d\u2019Adri\u00e0 Aguacil\u2019 a les biblioteques Llefi\u00e0 \u2013 Xavier Soto i Pomar de la m\u00e0 de Maga Game, Gneis Alt\u00e9s i el mateix Adri\u00e0 Aguacil (dilluns 17 i dimecres 19 de febrer).<\/p>\n\n\n\n<p>Tamb\u00e9 s\u2019organitzaran activitats a les escoles com el Curs de m\u00e0gia i il\u00b7lusionisme per a docents impartit per Enric Magoo i Maty G\u00e1lvez durant sis sessions (entre el 4 de febrer i l\u201911 de mar\u00e7) i actuacions i tallers a biblioteques i al centre cultural Escorxador \u2013 Nau3 (entre el 6 i el 21 de febrer), proporcionant un contacte proper i directe amb la m\u00e0gia amb els mags Mago Koko, Jordi Quimera, David Valencia, Alouette, David el Mag, Maga Psiquelady, Mag Stigman, Joana Andreu i Cristina Ferrer. Les actuacions i tallers a les biblioteques i centres culturals tenen l\u2019aforament limitat, per a m\u00e9s informaci\u00f3 es pot contactar a trav\u00e9s del correu <a href=\"mailto:badabiblios@gmail.com\">badabiblios@gmail.com<\/a><\/p>\n\n\n\n<p><strong>VENDA D\u2019ENTRADES<\/strong><\/p>\n\n\n\n<p>Les entrades dels espectacles als teatres municipals ja estan a la venda i es poden adquirir en l\u00ednia a trav\u00e9s del web www.teatrezorrilla.cat o b\u00e9 a les taquilles dues hores abans de l\u2019inici de la funci\u00f3. Per a m\u00e9s informaci\u00f3 sobre preus i descomptes es pot visitar la p\u00e0gina web del Teatre Zorrilla.<\/p>\n","protected":false},"excerpt":{"rendered":"<p>El Festival Internacional de M\u00e0gia de Badalona &#8211; Memorial Li-Chang arriba al primer quart de segle convertit en un referent de l\u2019il\u00b7lusionisme i amb la mateixa passi\u00f3 que el primer dia. Aquest migdia ha tingut l\u2019acte de presentaci\u00f3 de la programaci\u00f3 al Teatre Zorrilla que ha comptat amb la primera tinenta d\u2019alcaldia, Cristina Ag\u00fcera, la [&hellip;]<\/p>\n","protected":false},"author":2,"featured_media":8320,"comment_status":"closed","ping_status":"open","sticky":false,"template":"","format":"standard","meta":{"footnotes":""},"categories":[25],"tags":[],"class_list":{"0":"post-8319","1":"post","2":"type-post","3":"status-publish","4":"format-standard","5":"has-post-thumbnail","7":"category-cultura"},"_links":{"self":[{"href":"https:\/\/areabadalona.com\/diario\/wp-json\/wp\/v2\/posts\/8319","targetHints":{"allow":["GET"]}}],"collection":[{"href":"https:\/\/areabadalona.com\/diario\/wp-json\/wp\/v2\/posts"}],"about":[{"href":"https:\/\/areabadalona.com\/diario\/wp-json\/wp\/v2\/types\/post"}],"author":[{"embeddable":true,"href":"https:\/\/areabadalona.com\/diario\/wp-json\/wp\/v2\/users\/2"}],"replies":[{"embeddable":true,"href":"https:\/\/areabadalona.com\/diario\/wp-json\/wp\/v2\/comments?post=8319"}],"version-history":[{"count":1,"href":"https:\/\/areabadalona.com\/diario\/wp-json\/wp\/v2\/posts\/8319\/revisions"}],"predecessor-version":[{"id":8321,"href":"https:\/\/areabadalona.com\/diario\/wp-json\/wp\/v2\/posts\/8319\/revisions\/8321"}],"wp:featuredmedia":[{"embeddable":true,"href":"https:\/\/areabadalona.com\/diario\/wp-json\/wp\/v2\/media\/8320"}],"wp:attachment":[{"href":"https:\/\/areabadalona.com\/diario\/wp-json\/wp\/v2\/media?parent=8319"}],"wp:term":[{"taxonomy":"category","embeddable":true,"href":"https:\/\/areabadalona.com\/diario\/wp-json\/wp\/v2\/categories?post=8319"},{"taxonomy":"post_tag","embeddable":true,"href":"https:\/\/areabadalona.com\/diario\/wp-json\/wp\/v2\/tags?post=8319"}],"curies":[{"name":"wp","href":"https:\/\/api.w.org\/{rel}","templated":true}]}}