{"id":8316,"date":"2025-02-03T10:44:28","date_gmt":"2025-02-03T10:44:28","guid":{"rendered":"https:\/\/areabadalona.com\/diario\/?p=8316"},"modified":"2025-02-05T10:45:06","modified_gmt":"2025-02-05T10:45:06","slug":"operatiu-dels-mossos-desquadra-i-la-guardia-urbana-de-badalona-en-una-associacio-de-cannabis-que-es-dedicava-al-trafic-de-drogues","status":"publish","type":"post","link":"https:\/\/areabadalona.com\/diario\/2025\/02\/03\/operatiu-dels-mossos-desquadra-i-la-guardia-urbana-de-badalona-en-una-associacio-de-cannabis-que-es-dedicava-al-trafic-de-drogues\/","title":{"rendered":"Operatiu dels Mossos d\u2019Esquadra i la Gu\u00e0rdia Urbana de Badalona en una associaci\u00f3 de c\u00e0nnabis que es dedicava al tr\u00e0fic de drogues"},"content":{"rendered":"\n<p>Agents de la Policia de la Generalitat &#8211; Mossos d\u2019Esquadra de la Unitat d&#8217;Investigaci\u00f3 de Badalona, amb la col\u00b7laboraci\u00f3 dels agents de la Gu\u00e0rdia Urbana de Badalona, han denunciat penalment la treballadora d\u2019una associaci\u00f3 de c\u00e0nnabis com a presumpta autora d\u2019un delicte de tr\u00e0fic de drogues despr\u00e9s de l\u2019entrada i escorcoll en un club cann\u00e0bic del carrer de la Sardana de Badalona.<\/p>\n\n\n\n<p>L\u2019inici de la investigaci\u00f3 es remunta a l\u2019octubre de 2024 quan agents de la Gu\u00e0rdia Urbana de Badalona van tenir coneixement que una associaci\u00f3 de c\u00e0nnabis de la ciutat es dedicaria al tr\u00e0fic de drogues.<\/p>\n\n\n\n<p>La llei que regeix aquest tipus d\u2019establiments estableix que les subst\u00e0ncies estupefaents que subministren s\u2019han de consumir a l\u2019interior del local i no es poden treure fora. Tant la Gu\u00e0rdia Urbana primerament, com la Unitat de Seguretat Ciutadana de la comissaria de Badalona posteriorment, van denunciar administrativament persones a la via p\u00fablica per tinen\u00e7a de subst\u00e0ncies estupefaents que acabaven de comprar a l\u2019interior de l\u2019associaci\u00f3. Aquestes persones entraven al local i en sortien al cap de pocs minuts.<\/p>\n\n\n\n<p>Un cop la Unitat d\u2019Investigaci\u00f3 dels Mossos d\u2019Esquadra va tenir tota la informaci\u00f3 recopilada, el 29 de gener a la tarda conjuntament amb agents de la Gu\u00e0rdia Urbana, i dirigits pel magistrat titular del Jutjat d\u2019instrucci\u00f3 4 de Badalona, van fer una entrada i escorcoll a l\u2019establiment del carrer de la Sardana on, a banda de denunciar penalment una treballadora com a presumpta autora d\u2019un delicte de tr\u00e0fic de drogues, van comissar 3060 grams de marihuana en cabdells, 792 grams d\u2019haixix, 15 porros ja preparats i 482 euros en efectiu.<\/p>\n\n\n\n<p>L\u2019alcalde de Badalona, Xavier Garcia Albiol, ha destacat una vegada m\u00e9s la import\u00e0ncia del bon funcionament de la col\u00b7laboraci\u00f3 policial. L\u2019alcalde de Badalona s\u2019ha mostrat satisfet davant aquesta operaci\u00f3 i ha assegurat que \u201ctal com demostren casos com aquest, la col\u00b7laboraci\u00f3 entre els cossos policials \u00e9s el cam\u00ed necessari per a la millora de la seguretat\u201d. \u201cGr\u00e0cies a la bona feina i a la col\u00b7laboraci\u00f3 de la Gu\u00e0rdia Urbana i dels Mossos d&#8217;Esquadra, avui tenim un punt menys de venda de droga a la ciutat\u201d, ha afegit l\u2019alcalde.<\/p>\n","protected":false},"excerpt":{"rendered":"<p>Agents de la Policia de la Generalitat &#8211; Mossos d\u2019Esquadra de la Unitat d&#8217;Investigaci\u00f3 de Badalona, amb la col\u00b7laboraci\u00f3 dels agents de la Gu\u00e0rdia Urbana de Badalona, han denunciat penalment la treballadora d\u2019una associaci\u00f3 de c\u00e0nnabis com a presumpta autora d\u2019un delicte de tr\u00e0fic de drogues despr\u00e9s de l\u2019entrada i escorcoll en un club cann\u00e0bic [&hellip;]<\/p>\n","protected":false},"author":2,"featured_media":8317,"comment_status":"closed","ping_status":"open","sticky":false,"template":"","format":"standard","meta":{"footnotes":""},"categories":[23],"tags":[],"class_list":{"0":"post-8316","1":"post","2":"type-post","3":"status-publish","4":"format-standard","5":"has-post-thumbnail","7":"category-actualitat"},"_links":{"self":[{"href":"https:\/\/areabadalona.com\/diario\/wp-json\/wp\/v2\/posts\/8316","targetHints":{"allow":["GET"]}}],"collection":[{"href":"https:\/\/areabadalona.com\/diario\/wp-json\/wp\/v2\/posts"}],"about":[{"href":"https:\/\/areabadalona.com\/diario\/wp-json\/wp\/v2\/types\/post"}],"author":[{"embeddable":true,"href":"https:\/\/areabadalona.com\/diario\/wp-json\/wp\/v2\/users\/2"}],"replies":[{"embeddable":true,"href":"https:\/\/areabadalona.com\/diario\/wp-json\/wp\/v2\/comments?post=8316"}],"version-history":[{"count":1,"href":"https:\/\/areabadalona.com\/diario\/wp-json\/wp\/v2\/posts\/8316\/revisions"}],"predecessor-version":[{"id":8318,"href":"https:\/\/areabadalona.com\/diario\/wp-json\/wp\/v2\/posts\/8316\/revisions\/8318"}],"wp:featuredmedia":[{"embeddable":true,"href":"https:\/\/areabadalona.com\/diario\/wp-json\/wp\/v2\/media\/8317"}],"wp:attachment":[{"href":"https:\/\/areabadalona.com\/diario\/wp-json\/wp\/v2\/media?parent=8316"}],"wp:term":[{"taxonomy":"category","embeddable":true,"href":"https:\/\/areabadalona.com\/diario\/wp-json\/wp\/v2\/categories?post=8316"},{"taxonomy":"post_tag","embeddable":true,"href":"https:\/\/areabadalona.com\/diario\/wp-json\/wp\/v2\/tags?post=8316"}],"curies":[{"name":"wp","href":"https:\/\/api.w.org\/{rel}","templated":true}]}}