{"id":8308,"date":"2025-02-04T10:36:50","date_gmt":"2025-02-04T10:36:50","guid":{"rendered":"https:\/\/areabadalona.com\/diario\/?p=8308"},"modified":"2025-02-05T10:37:56","modified_gmt":"2025-02-05T10:37:56","slug":"el-psc-badalona-exigeix-la-convocatoria-urgent-duna-junta-de-seguretat-local-davant-laugment-de-la-delinquencia","status":"publish","type":"post","link":"https:\/\/areabadalona.com\/diario\/2025\/02\/04\/el-psc-badalona-exigeix-la-convocatoria-urgent-duna-junta-de-seguretat-local-davant-laugment-de-la-delinquencia\/","title":{"rendered":"El PSC Badalona exigeix la convocat\u00f2ria urgent d&#8217;una Junta de Seguretat Local davant l&#8217;augment de la delinq\u00fc\u00e8ncia"},"content":{"rendered":"\n<p>Davant els dos homicidis registrats a Badalona en menys de 24 hores, el PSC Badalona reclama que el govern del Partit Popular convoqui de manera urgent una Junta de Seguretat Local per con\u00e8ixer la radiografia actual de la delinq\u00fc\u00e8ncia a la ciutat. Els socialistes badalonins fa mesos que exigeixen aquesta convocat\u00f2ria, especialment despr\u00e9s de 18 mesos d&#8217;augment continuat de les dades delinq\u00fcencials i sense que el govern local hagi posat en marxa cap pla clar i efectiu per revertir la situaci\u00f3.<br><br>\u00abEl govern del PP no pot continuar mirant cap a una altra banda mentre la inseguretat creix. Necessitem mesures concretes i eficaces, no v\u00eddeos de propaganda en bars que no acaben amb cap detenci\u00f3\u00bb, ha denunciat Fernando Carrera, president del grup municipal socialista.<br><br>Davant la inacci\u00f3 del govern d&#8217;Albiol, el PSC tamb\u00e9 proposar\u00e0 la convocat\u00f2ria d&#8217;un ple monogr\u00e0fic per abordar la seguretat a Badalona i exigir accions immediates que garanteixin la seguretat i la conviv\u00e8ncia a la ciutat.<\/p>\n","protected":false},"excerpt":{"rendered":"<p>Davant els dos homicidis registrats a Badalona en menys de 24 hores, el PSC Badalona reclama que el govern del Partit Popular convoqui de manera urgent una Junta de Seguretat Local per con\u00e8ixer la radiografia actual de la delinq\u00fc\u00e8ncia a la ciutat. Els socialistes badalonins fa mesos que exigeixen aquesta convocat\u00f2ria, especialment despr\u00e9s de 18 [&hellip;]<\/p>\n","protected":false},"author":2,"featured_media":7332,"comment_status":"closed","ping_status":"open","sticky":false,"template":"","format":"standard","meta":{"footnotes":""},"categories":[23],"tags":[],"class_list":{"0":"post-8308","1":"post","2":"type-post","3":"status-publish","4":"format-standard","5":"has-post-thumbnail","7":"category-actualitat"},"_links":{"self":[{"href":"https:\/\/areabadalona.com\/diario\/wp-json\/wp\/v2\/posts\/8308","targetHints":{"allow":["GET"]}}],"collection":[{"href":"https:\/\/areabadalona.com\/diario\/wp-json\/wp\/v2\/posts"}],"about":[{"href":"https:\/\/areabadalona.com\/diario\/wp-json\/wp\/v2\/types\/post"}],"author":[{"embeddable":true,"href":"https:\/\/areabadalona.com\/diario\/wp-json\/wp\/v2\/users\/2"}],"replies":[{"embeddable":true,"href":"https:\/\/areabadalona.com\/diario\/wp-json\/wp\/v2\/comments?post=8308"}],"version-history":[{"count":1,"href":"https:\/\/areabadalona.com\/diario\/wp-json\/wp\/v2\/posts\/8308\/revisions"}],"predecessor-version":[{"id":8309,"href":"https:\/\/areabadalona.com\/diario\/wp-json\/wp\/v2\/posts\/8308\/revisions\/8309"}],"wp:featuredmedia":[{"embeddable":true,"href":"https:\/\/areabadalona.com\/diario\/wp-json\/wp\/v2\/media\/7332"}],"wp:attachment":[{"href":"https:\/\/areabadalona.com\/diario\/wp-json\/wp\/v2\/media?parent=8308"}],"wp:term":[{"taxonomy":"category","embeddable":true,"href":"https:\/\/areabadalona.com\/diario\/wp-json\/wp\/v2\/categories?post=8308"},{"taxonomy":"post_tag","embeddable":true,"href":"https:\/\/areabadalona.com\/diario\/wp-json\/wp\/v2\/tags?post=8308"}],"curies":[{"name":"wp","href":"https:\/\/api.w.org\/{rel}","templated":true}]}}