{"id":8305,"date":"2025-02-04T10:34:30","date_gmt":"2025-02-04T10:34:30","guid":{"rendered":"https:\/\/areabadalona.com\/diario\/?p=8305"},"modified":"2025-02-05T10:36:04","modified_gmt":"2025-02-05T10:36:04","slug":"en-comu-podem-exigeix-la-convocatoria-urgent-del-consell-de-seguretat-de-badalona","status":"publish","type":"post","link":"https:\/\/areabadalona.com\/diario\/2025\/02\/04\/en-comu-podem-exigeix-la-convocatoria-urgent-del-consell-de-seguretat-de-badalona\/","title":{"rendered":"En Com\u00fa Podem exigeix la convocat\u00f2ria urgent del Consell de Seguretat de Badalona"},"content":{"rendered":"\n<p>Badalona En Com\u00fa Podem (BECP) exigeix al govern del PP la convocat\u00f2ria urgent del Consell Municipal de Seguretat de Badalona, arran dels dos \u00faltims homicidis en menys de 24 hores, i l\u2019augment de la criminalitat en un 11,3% a Badalona durant l\u2019any 2024, els Comuns exigeixen responsabilitats a l\u2019alcalde Albiol.<\/p>\n\n\n\n<p>Segons la presidenta del grup municipal BECP, A\u00efda Llaurad\u00f3, el govern del PP ha de donar explicacions de les dades de seguretat, despr\u00e9s de 18 mesos on ha augmentat la delinq\u00fc\u00e8ncia a la ciutat. Davant les declaracions de l\u2019alcalde de Badalona a la radio municipal, Llaurad\u00f3 afirma que<\/p>\n\n\n\n<p>\u00ab<em><strong>A<\/strong><\/em><em><strong>vui Albiol \u00e9s igual o m\u00e9s responsable de la inseguretat a Badalona, com alcalde amb majoria absoluta. No hi ha lleis que hagin canviat en els \u00faltims anys per afavorir la delinq\u00fc\u00e8ncia, per tant, no pot seguir tirant pilotes fora culpant a altres institucions de la falta de pol\u00edtiques locals de seguretat <\/strong><\/em><em><strong>i la seva incompet\u00e8ncia<\/strong><\/em>\u00bb.<\/p>\n\n\n\n<p>En relaci\u00f3 a la convocat\u00f2ria d\u2019una Junta de Seguretat Local, En Com\u00fa Podem lamenta que la oposici\u00f3 no hi estigui convidada, i per tant, mentre no es convoqui el Consell de Prevenci\u00f3 i Seguretat Ciutadana de Badalona, Llaurad\u00f3 tamb\u00e9 reclama al govern local la pres\u00e8ncia dels grups de l\u2019oposici\u00f3 a la propera Junta. De fet, En Com\u00fa Podem ha demanat ambdues q\u00fcestions formalment per escrit.<\/p>\n","protected":false},"excerpt":{"rendered":"<p>Badalona En Com\u00fa Podem (BECP) exigeix al govern del PP la convocat\u00f2ria urgent del Consell Municipal de Seguretat de Badalona, arran dels dos \u00faltims homicidis en menys de 24 hores, i l\u2019augment de la criminalitat en un 11,3% a Badalona durant l\u2019any 2024, els Comuns exigeixen responsabilitats a l\u2019alcalde Albiol. Segons la presidenta del grup [&hellip;]<\/p>\n","protected":false},"author":2,"featured_media":8306,"comment_status":"closed","ping_status":"open","sticky":false,"template":"","format":"standard","meta":{"footnotes":""},"categories":[23],"tags":[],"class_list":{"0":"post-8305","1":"post","2":"type-post","3":"status-publish","4":"format-standard","5":"has-post-thumbnail","7":"category-actualitat"},"_links":{"self":[{"href":"https:\/\/areabadalona.com\/diario\/wp-json\/wp\/v2\/posts\/8305","targetHints":{"allow":["GET"]}}],"collection":[{"href":"https:\/\/areabadalona.com\/diario\/wp-json\/wp\/v2\/posts"}],"about":[{"href":"https:\/\/areabadalona.com\/diario\/wp-json\/wp\/v2\/types\/post"}],"author":[{"embeddable":true,"href":"https:\/\/areabadalona.com\/diario\/wp-json\/wp\/v2\/users\/2"}],"replies":[{"embeddable":true,"href":"https:\/\/areabadalona.com\/diario\/wp-json\/wp\/v2\/comments?post=8305"}],"version-history":[{"count":1,"href":"https:\/\/areabadalona.com\/diario\/wp-json\/wp\/v2\/posts\/8305\/revisions"}],"predecessor-version":[{"id":8307,"href":"https:\/\/areabadalona.com\/diario\/wp-json\/wp\/v2\/posts\/8305\/revisions\/8307"}],"wp:featuredmedia":[{"embeddable":true,"href":"https:\/\/areabadalona.com\/diario\/wp-json\/wp\/v2\/media\/8306"}],"wp:attachment":[{"href":"https:\/\/areabadalona.com\/diario\/wp-json\/wp\/v2\/media?parent=8305"}],"wp:term":[{"taxonomy":"category","embeddable":true,"href":"https:\/\/areabadalona.com\/diario\/wp-json\/wp\/v2\/categories?post=8305"},{"taxonomy":"post_tag","embeddable":true,"href":"https:\/\/areabadalona.com\/diario\/wp-json\/wp\/v2\/tags?post=8305"}],"curies":[{"name":"wp","href":"https:\/\/api.w.org\/{rel}","templated":true}]}}