{"id":8302,"date":"2025-02-04T10:32:48","date_gmt":"2025-02-04T10:32:48","guid":{"rendered":"https:\/\/areabadalona.com\/diario\/?p=8302"},"modified":"2025-02-05T10:33:29","modified_gmt":"2025-02-05T10:33:29","slug":"ajuntament-generalitat-i-irsicaixa-col%c2%b7laboren-per-promoure-el-coneixement-entre-els-alumnes-dels-instituts-de-badalona-sobre-la-prevencio-de-les-malalties-de-transmissio-sexual","status":"publish","type":"post","link":"https:\/\/areabadalona.com\/diario\/2025\/02\/04\/ajuntament-generalitat-i-irsicaixa-col%c2%b7laboren-per-promoure-el-coneixement-entre-els-alumnes-dels-instituts-de-badalona-sobre-la-prevencio-de-les-malalties-de-transmissio-sexual\/","title":{"rendered":"Ajuntament, Generalitat i IrsiCaixa col\u00b7laboren per promoure el coneixement entre els alumnes dels instituts de Badalona sobre la prevenci\u00f3 de les malalties de transmissi\u00f3 sexual"},"content":{"rendered":"\n<p>Amb l\u2019objectiu d\u2019afavorir el coneixement i la prevenci\u00f3 sobre la sida i malalties de transmissi\u00f3 sexuals entre els estudiants d\u2019instituts de Badalona, tindr\u00e0 lloc el pr\u00f2xim dimecres 5 de febrer, de 10 a 12 hores, a l&#8217;Auditori de l\u2019Hospital Germans Trias i Pujol, la confer\u00e8ncia-taller \u00abQu\u00e8 saps del VIH i de la sida?\u00bb, a c\u00e0rrec de Beatriz Mothe, investigadora de l\u2019Institut de Recerca de la SIDA IrsiCaixa.<\/p>\n\n\n\n<p>Aquesta activitat est\u00e0 vinculada com a preludi de les 39es Jornades Cient\u00edfiques de Batxillerat de Badalona, que tindran lloc els dies 8, 9 i 10 d&#8217;abril al BCIN. A la confer\u00e8ncia hi assistiran 215 alumnes dels instituts i centres seg\u00fcents: Badalon\u00e8s, Eugeni d\u2019Ors, Isaac Alb\u00e9niz, La Llauna, La Pineda i La Riera.<\/p>\n\n\n\n<p>La confer\u00e8ncia est\u00e0 organitzada per IrsiCaixa; el Centre de Recursos Pedag\u00f2gics (CRP) de la Generalitat de Catalunya; l&#8217;Escola del Mar, l&#8217;Escola de Natura del Servei de Medi Ambient; i el Servei d&#8217;Educaci\u00f3 de l&#8217;Ajuntament de Badalona.<\/p>\n","protected":false},"excerpt":{"rendered":"<p>Amb l\u2019objectiu d\u2019afavorir el coneixement i la prevenci\u00f3 sobre la sida i malalties de transmissi\u00f3 sexuals entre els estudiants d\u2019instituts de Badalona, tindr\u00e0 lloc el pr\u00f2xim dimecres 5 de febrer, de 10 a 12 hores, a l&#8217;Auditori de l\u2019Hospital Germans Trias i Pujol, la confer\u00e8ncia-taller \u00abQu\u00e8 saps del VIH i de la sida?\u00bb, a c\u00e0rrec [&hellip;]<\/p>\n","protected":false},"author":1,"featured_media":8303,"comment_status":"closed","ping_status":"open","sticky":false,"template":"","format":"standard","meta":{"footnotes":""},"categories":[23],"tags":[],"class_list":{"0":"post-8302","1":"post","2":"type-post","3":"status-publish","4":"format-standard","5":"has-post-thumbnail","7":"category-actualitat"},"_links":{"self":[{"href":"https:\/\/areabadalona.com\/diario\/wp-json\/wp\/v2\/posts\/8302","targetHints":{"allow":["GET"]}}],"collection":[{"href":"https:\/\/areabadalona.com\/diario\/wp-json\/wp\/v2\/posts"}],"about":[{"href":"https:\/\/areabadalona.com\/diario\/wp-json\/wp\/v2\/types\/post"}],"author":[{"embeddable":true,"href":"https:\/\/areabadalona.com\/diario\/wp-json\/wp\/v2\/users\/1"}],"replies":[{"embeddable":true,"href":"https:\/\/areabadalona.com\/diario\/wp-json\/wp\/v2\/comments?post=8302"}],"version-history":[{"count":1,"href":"https:\/\/areabadalona.com\/diario\/wp-json\/wp\/v2\/posts\/8302\/revisions"}],"predecessor-version":[{"id":8304,"href":"https:\/\/areabadalona.com\/diario\/wp-json\/wp\/v2\/posts\/8302\/revisions\/8304"}],"wp:featuredmedia":[{"embeddable":true,"href":"https:\/\/areabadalona.com\/diario\/wp-json\/wp\/v2\/media\/8303"}],"wp:attachment":[{"href":"https:\/\/areabadalona.com\/diario\/wp-json\/wp\/v2\/media?parent=8302"}],"wp:term":[{"taxonomy":"category","embeddable":true,"href":"https:\/\/areabadalona.com\/diario\/wp-json\/wp\/v2\/categories?post=8302"},{"taxonomy":"post_tag","embeddable":true,"href":"https:\/\/areabadalona.com\/diario\/wp-json\/wp\/v2\/tags?post=8302"}],"curies":[{"name":"wp","href":"https:\/\/api.w.org\/{rel}","templated":true}]}}