{"id":8299,"date":"2025-02-04T10:30:42","date_gmt":"2025-02-04T10:30:42","guid":{"rendered":"https:\/\/areabadalona.com\/diario\/?p=8299"},"modified":"2025-02-05T10:31:31","modified_gmt":"2025-02-05T10:31:31","slug":"la-magia-del-25e-festival-internacional-memorial-li-chang-arriba-tambe-a-les-biblioteques-de-badalona","status":"publish","type":"post","link":"https:\/\/areabadalona.com\/diario\/2025\/02\/04\/la-magia-del-25e-festival-internacional-memorial-li-chang-arriba-tambe-a-les-biblioteques-de-badalona\/","title":{"rendered":"La m\u00e0gia del 25\u00e8 Festival internacional Memorial Li-Chang arriba tamb\u00e9 a les biblioteques de Badalona"},"content":{"rendered":"\n<p>La Xarxa Municipal de Biblioteques de Badalona participen activament durant aquest mes de febrer d\u2019un dels esdeveniments que t\u00e9 lloc a la ciutat: El Festival Internacional de M\u00e0gia \u2013 Memorial Li-Chang amb actuacions i tallers per als m\u00e9s petits. A m\u00e9s, tots els usuaris de les biblioteques, grans i petits, trobaran tamb\u00e9 una variada programaci\u00f3 d\u2019activitats<\/p>\n\n\n\n<p><strong>25\u00e8 FESTIVAL INTERNACIONAL DE M\u00c0GIA MEMORIAL LI-CHANG<\/strong><\/p>\n\n\n\n<p>es una de les demostracions de m\u00e0gia m\u00e9s destacades a escala nacional i internacional. Un cicle de m\u00e0gia que va n\u00e9ixer amb l\u2019objectiu de mantenir viu el llegat de l\u2019il\u00b7lusionista badalon\u00ed Joan Forns i Jordana (1916-1998), m\u00e9s conegut pel seu nom art\u00edstic \u2018Li-Chang\u2019. A banda del programa de m\u00e0gia, el festival tamb\u00e9 ofereix activitats paral\u00b7leles com tallers, pon\u00e8ncies o d\u2019altres activitats sobre il\u00b7lusionisme.<\/p>\n\n\n\n<p><strong>Actuacions de m\u00e0gia<\/strong><\/p>\n\n\n\n<p>Per a p\u00fablic infantil i familiar amb els mags Koko, Jordi Quimera, David Val\u00e8ncia, Alouette, David el Mag, Psiquelady, Stigman, i Joana Andreu.<\/p>\n\n\n\n<p>Per l\u2019actuaci\u00f3 que es far\u00e0 a la Nau 3 &#8211; Centre Cultural L\u2019Escorxador, cal inscripci\u00f3 pr\u00e8via a trav\u00e9s de <a href=\"mailto:cultura@badalona.cat\">cultura@badalona.cat<\/a><\/p>\n\n\n\n<p><strong>Tallers d\u2019aprenent de mags<\/strong><\/p>\n\n\n\n<p>Per a infants de 6 a 10 anys.<\/p>\n\n\n\n<p>A les biblioteques Canyad\u00f3 i Casagemes-Joan Argent\u00e9, Llefi\u00e0 &#8211; Xavier Soto, amb el Mag David Val\u00e0ncia, David el Mag i la maga Cristina Ferrer.<\/p>\n\n\n\n<p>Us podeu inscriure a l\u2019activitat a la biblioteca que tingueu m\u00e9s a prop. M\u00e9s informaci\u00f3 a <strong><u><a href=\"https:\/\/badabiblios.cat\/\">Badabiblios<\/a><\/u><\/strong>.<\/p>\n\n\n\n<p><strong>CODECLUB: APR\u00c8N A PROGRAMAR AMB SCRATCH<\/strong><\/p>\n\n\n\n<p>Del 14 de febrer al 13 de juny<\/p>\n\n\n\n<p>Divendres, de 17.30 a 19.30 h.<\/p>\n\n\n\n<p>Biblioteca Llefi\u00e0-Xavier Soto. C\/Planeta Mart, 2-10.<\/p>\n\n\n\n<p>Code Club \u00e9s un espai extraescolar obert i gratu\u00eft per a infants de 9 a 13 anys, on aprendran els fonaments de la programaci\u00f3 de manera divertida, creant jocs, animacions i hist\u00f2ries interactives. Aquest taller de 32 hores fomenta habilitats com la resoluci\u00f3 de problemes, la creativitat i el pensament computacional. A m\u00e9s, promou l\u2019equitat digital i el pensament creatiu per transformar el m\u00f3n.<\/p>\n\n\n\n<p>Code Club \u00e9s impulsat per la Raspberry Pi Foundation i es realitza fins a desembre de 2025 dins del programa CODI, finan\u00e7at per la Uni\u00f3 Europea a trav\u00e9s dels fons NextGenerationEU.<\/p>\n\n\n\n<p>Places limitades. Cal inscripci\u00f3 pr\u00e8via a la biblioteca. M\u00e9s informaci\u00f3 a <a href=\"mailto:b.badalona.lle@diba.cat\">b.badalona.lle@diba.cat<\/a><\/p>\n\n\n\n<p><strong>CONTES EN GALLEC I EN CATAL\u00c0<\/strong><\/p>\n\n\n\n<p>Especial dia de la Llengua Materna<\/p>\n\n\n\n<p><em>\u00abDe onte e de hoxe, de aqu\u00ed e de m\u00e1is al\u00e1<\/em>\u201d (espect\u00e1culo para xente mi\u00fada e maiores acompa\u00f1ados).<\/p>\n\n\n\n<p>20 de febrer a les 17.30 h., a la biblioteca Can Casacuberta \u2013 Centre Cultural El Carme, 4a planta.<\/p>\n\n\n\n<p>La Biblioteca Sabela Labra\u00f1a en col\u00b7laboraci\u00f3 amb Furafollas teatro, Agarimos i Proyecto barrio BDN ens presenta hist\u00f2ries i contes en gallec i catal\u00e0\u00bb<\/p>\n\n\n\n<p>Places limitades. Cal inscripci\u00f3 pr\u00e8via. Per a infants entre 5 i 10 anys.&nbsp; Els infants han d&#8217;anar acompanyats d&#8217;un adult.<\/p>\n\n\n\n<p><strong>NASCUTS PER LLEGIR<\/strong><\/p>\n\n\n\n<p>25 de febrer, a les 17.30 h., a la Biblioteca de Lloreda<\/p>\n\n\n\n<p><em>Non &#8211; Nonetes<\/em><\/p>\n\n\n\n<p>Sessi\u00f3 dedicada a contes, can\u00e7ons, jocs de falda i moixaines que ens ensenyen d\u2019una manera l\u00fadica els h\u00e0bits a l\u2019hora d\u2019anar a dormir (de 6 mesos a 3 anys). A c\u00e0rrec del personal de la biblioteca. Places limitades. Cal inscripci\u00f3 pr\u00e8via. Les inscripcions es poden fer a la biblioteca de Lloreda.<\/p>\n\n\n\n<p>Dimecres 26, a les 17.30 h, a biblioteca Can Casacuberta \u2013 Centre Cultural El Carme, 4a planta.<\/p>\n\n\n\n<p><em>Sensorial<\/em><\/p>\n\n\n\n<p>Propostes sensorials en format Laboratori que, tot i tenir una caracter\u00edstica sensorial dominant, estimulen diversos \u00f2rgans dels sentits, oferint experi\u00e8ncies corporals que afavoreixen un desenvolupament evolutiu complet. A m\u00e9s, aniran acompanyades de contes per fomentar l&#8217;acostament a la literatura des de la inf\u00e0ncia (de 6 mesos a 3 anys). A c\u00e0rrec d\u2019Anna Garcia.<\/p>\n\n\n\n<p>Places limitades. Cal inscripci\u00f3 pr\u00e8via. Les inscripcions es poden fer a la biblioteca o a <a href=\"mailto:b.badalona.cc@diba.cat\">b.badalona.cc@diba.cat<\/a><\/p>\n\n\n\n<p>Amb la col\u00b7laboraci\u00f3 de BSA Serveis Assistencials, ICS Atenci\u00f3 Prim\u00e0ria i Servei de Salut de l&#8217;Ajuntament de Badalona.<\/p>\n\n\n\n<p><strong>BIBLIOTEQUES PER LA SOSTENIBILITAT: BIBLIOLAB MILLOR QUE NOU<\/strong><\/p>\n\n\n\n<p>27 de febrer, a les 18 h a&nbsp; biblioteca Can Casacuberta \u2013 Centre Cultural El Carme, 4a planta.<\/p>\n\n\n\n<p><em>Fem coixins d\u2019olors (T\u00e8xtil)<\/em><\/p>\n\n\n\n<p>Activitat adre\u00e7ada a p\u00fablic adult o fam\u00edlies<\/p>\n\n\n\n<p>Materials: petit costurer, retalls de roba, cordill o cintes, arr\u00f2s, planta seca d\u2019esp\u00edgol, camamilla, farigola o roman\u00ed (si no en teniu, no passa res, ja l\u2019omplireu a casa).<\/p>\n\n\n\n<p>En col\u00b7laboraci\u00f3 amb l\u2019\u00c0rea Metropolitana de Barcelona. Millor Que Nou. Activitat inclosa en el Programa: Parcs i Biblioteques. Trobareu m\u00e9s informaci\u00f3 a la biblioteca o a <a href=\"mailto:b.badalona.cc@diba.cat\">b.badalona.cc@diba.cat<\/a><\/p>\n\n\n\n<p><strong>RESERVA UN@ INFORM\u00c0TIC@<\/strong><\/p>\n\n\n\n<p>De dimarts a dijous, de 16 i les 20 hores a la Biblioteca Llefi\u00e0-Xavier Soto.<\/p>\n\n\n\n<p>La biblioteca ofereix la possibilitat de resoldre dubtes b\u00e0sics d\u2019inform\u00e0tica de forma personalitzada i gratu\u00efta, dins el servei \u201cReserva un@ inform\u00e0tic@\u201d.<\/p>\n\n\n\n<p>Estudiants en pr\u00e0ctiques del grau mitj\u00e0 d\u2019inform\u00e0tica de l\u2019IES Puig-Castellar resolen dubtes i ofereixen formaci\u00f3 sobre inform\u00e0tica b\u00e0sica d\u2019usuari. Trobareu m\u00e9s informaci\u00f3 a la biblioteca&nbsp; Llefi\u00e0-Xavier Soto.<\/p>\n","protected":false},"excerpt":{"rendered":"<p>La Xarxa Municipal de Biblioteques de Badalona participen activament durant aquest mes de febrer d\u2019un dels esdeveniments que t\u00e9 lloc a la ciutat: El Festival Internacional de M\u00e0gia \u2013 Memorial Li-Chang amb actuacions i tallers per als m\u00e9s petits. A m\u00e9s, tots els usuaris de les biblioteques, grans i petits, trobaran tamb\u00e9 una variada programaci\u00f3 [&hellip;]<\/p>\n","protected":false},"author":2,"featured_media":8300,"comment_status":"closed","ping_status":"open","sticky":false,"template":"","format":"standard","meta":{"footnotes":""},"categories":[25],"tags":[],"class_list":{"0":"post-8299","1":"post","2":"type-post","3":"status-publish","4":"format-standard","5":"has-post-thumbnail","7":"category-cultura"},"_links":{"self":[{"href":"https:\/\/areabadalona.com\/diario\/wp-json\/wp\/v2\/posts\/8299","targetHints":{"allow":["GET"]}}],"collection":[{"href":"https:\/\/areabadalona.com\/diario\/wp-json\/wp\/v2\/posts"}],"about":[{"href":"https:\/\/areabadalona.com\/diario\/wp-json\/wp\/v2\/types\/post"}],"author":[{"embeddable":true,"href":"https:\/\/areabadalona.com\/diario\/wp-json\/wp\/v2\/users\/2"}],"replies":[{"embeddable":true,"href":"https:\/\/areabadalona.com\/diario\/wp-json\/wp\/v2\/comments?post=8299"}],"version-history":[{"count":1,"href":"https:\/\/areabadalona.com\/diario\/wp-json\/wp\/v2\/posts\/8299\/revisions"}],"predecessor-version":[{"id":8301,"href":"https:\/\/areabadalona.com\/diario\/wp-json\/wp\/v2\/posts\/8299\/revisions\/8301"}],"wp:featuredmedia":[{"embeddable":true,"href":"https:\/\/areabadalona.com\/diario\/wp-json\/wp\/v2\/media\/8300"}],"wp:attachment":[{"href":"https:\/\/areabadalona.com\/diario\/wp-json\/wp\/v2\/media?parent=8299"}],"wp:term":[{"taxonomy":"category","embeddable":true,"href":"https:\/\/areabadalona.com\/diario\/wp-json\/wp\/v2\/categories?post=8299"},{"taxonomy":"post_tag","embeddable":true,"href":"https:\/\/areabadalona.com\/diario\/wp-json\/wp\/v2\/tags?post=8299"}],"curies":[{"name":"wp","href":"https:\/\/api.w.org\/{rel}","templated":true}]}}