{"id":8291,"date":"2025-01-30T12:21:40","date_gmt":"2025-01-30T12:21:40","guid":{"rendered":"https:\/\/areabadalona.com\/diario\/?p=8291"},"modified":"2025-01-30T12:21:41","modified_gmt":"2025-01-30T12:21:41","slug":"la-guardia-urbana-de-badalona-dete-el-presumpte-autor-dun-apunyalament-a-sant-adria-de-besos","status":"publish","type":"post","link":"https:\/\/areabadalona.com\/diario\/2025\/01\/30\/la-guardia-urbana-de-badalona-dete-el-presumpte-autor-dun-apunyalament-a-sant-adria-de-besos\/","title":{"rendered":"La Gu\u00e0rdia Urbana de Badalona det\u00e9 el presumpte autor d\u2019un apunyalament a Sant Adri\u00e0 de Bes\u00f2s"},"content":{"rendered":"\n<p>La Gu\u00e0rdia Urbana de Badalona va detenir ahir a la nit el presumpte autor d\u2019un apunyalament ocorregut al municipi ve\u00ed de Sant Adri\u00e0 de Bes\u00f2s. Els fets van tenir lloc cap a les 23:20 hores al carrer de la Festa Major d\u2019Iquique, quan una persona va resultar ferida amb tres ganivetades a la zona de l\u2019abdomen.<\/p>\n\n\n\n<p>Els agents de la Gu\u00e0rdia Urbana de Badalona, que es trobaven patrullant a la zona lim\u00edtrofa, van actuar immediatament i van procedir a la detenci\u00f3 del presumpte agressor i de la seva acompanyant, i tamb\u00e9 van identificar un testimoni dels fets. La v\u00edctima, un home de 29 anys, va ser traslladada a un centre hospitalari.<\/p>\n\n\n\n<p>El presumpte autor de l\u2019agressi\u00f3 \u00e9s un home de 37 anys, amb diversos antecedents, incloent-hi delictes per atemptat, amenaces, lesions i temptativa d\u2019homicidi l\u2019any 2017. La seva acompanyant, una dona de 27 anys, tamb\u00e9 va ser detinguda per atemptat contra els agents de l\u2019autoritat.<\/p>\n\n\n\n<p>Durant l\u2019actuaci\u00f3, la Gu\u00e0rdia Urbana de Badalona va recuperar l\u2019arma utilitzada en l\u2019apunyalament i va traslladar les persones detingudes a Mossos d\u2019Esquadra per posar-los a disposici\u00f3 judicial.<\/p>\n\n\n\n<p>L\u2019alcalde de Badalona, Xavier Garcia Albiol, ha felicitat la Gu\u00e0rdia Urbana per haver evitat la fugida del presumpte agressor i garantir que el cas no quedi impune. \u201cAquesta intervenci\u00f3 \u00e9s un exemple de la coordinaci\u00f3 eficient amb els cossos de seguretat dels municipis ve\u00efns, una l\u00ednia d\u2019actuaci\u00f3 imprescindible per fer front amb m\u00e9s efic\u00e0cia a la delinq\u00fc\u00e8ncia i millorar la seguretat a la nostra ciutat i a l\u2019entorn\u201d, ha assenyalat.<\/p>\n","protected":false},"excerpt":{"rendered":"<p>La Gu\u00e0rdia Urbana de Badalona va detenir ahir a la nit el presumpte autor d\u2019un apunyalament ocorregut al municipi ve\u00ed de Sant Adri\u00e0 de Bes\u00f2s. Els fets van tenir lloc cap a les 23:20 hores al carrer de la Festa Major d\u2019Iquique, quan una persona va resultar ferida amb tres ganivetades a la zona de [&hellip;]<\/p>\n","protected":false},"author":2,"featured_media":7512,"comment_status":"closed","ping_status":"open","sticky":false,"template":"","format":"standard","meta":{"footnotes":""},"categories":[23],"tags":[],"class_list":{"0":"post-8291","1":"post","2":"type-post","3":"status-publish","4":"format-standard","5":"has-post-thumbnail","7":"category-actualitat"},"_links":{"self":[{"href":"https:\/\/areabadalona.com\/diario\/wp-json\/wp\/v2\/posts\/8291","targetHints":{"allow":["GET"]}}],"collection":[{"href":"https:\/\/areabadalona.com\/diario\/wp-json\/wp\/v2\/posts"}],"about":[{"href":"https:\/\/areabadalona.com\/diario\/wp-json\/wp\/v2\/types\/post"}],"author":[{"embeddable":true,"href":"https:\/\/areabadalona.com\/diario\/wp-json\/wp\/v2\/users\/2"}],"replies":[{"embeddable":true,"href":"https:\/\/areabadalona.com\/diario\/wp-json\/wp\/v2\/comments?post=8291"}],"version-history":[{"count":1,"href":"https:\/\/areabadalona.com\/diario\/wp-json\/wp\/v2\/posts\/8291\/revisions"}],"predecessor-version":[{"id":8292,"href":"https:\/\/areabadalona.com\/diario\/wp-json\/wp\/v2\/posts\/8291\/revisions\/8292"}],"wp:featuredmedia":[{"embeddable":true,"href":"https:\/\/areabadalona.com\/diario\/wp-json\/wp\/v2\/media\/7512"}],"wp:attachment":[{"href":"https:\/\/areabadalona.com\/diario\/wp-json\/wp\/v2\/media?parent=8291"}],"wp:term":[{"taxonomy":"category","embeddable":true,"href":"https:\/\/areabadalona.com\/diario\/wp-json\/wp\/v2\/categories?post=8291"},{"taxonomy":"post_tag","embeddable":true,"href":"https:\/\/areabadalona.com\/diario\/wp-json\/wp\/v2\/tags?post=8291"}],"curies":[{"name":"wp","href":"https:\/\/api.w.org\/{rel}","templated":true}]}}