{"id":8284,"date":"2025-01-29T12:15:10","date_gmt":"2025-01-29T12:15:10","guid":{"rendered":"https:\/\/areabadalona.com\/diario\/?p=8284"},"modified":"2025-01-29T12:15:10","modified_gmt":"2025-01-29T12:15:10","slug":"aprovat-el-projecte-per-renovar-les-instal%c2%b7lacions-de-climatitzacio-ventilacio-i-aigua-calenta-de-la-comissaria-de-la-guardia-urbana-de-badalona","status":"publish","type":"post","link":"https:\/\/areabadalona.com\/diario\/2025\/01\/29\/aprovat-el-projecte-per-renovar-les-instal%c2%b7lacions-de-climatitzacio-ventilacio-i-aigua-calenta-de-la-comissaria-de-la-guardia-urbana-de-badalona\/","title":{"rendered":"Aprovat el projecte per renovar les instal\u00b7lacions de climatitzaci\u00f3, ventilaci\u00f3 i aigua calenta de la comissaria de la Gu\u00e0rdia Urbana de Badalona"},"content":{"rendered":"\n<p>L\u2019Ajuntament de Badalona ha aprovat el projecte executiu per a la renovaci\u00f3 de les instal\u00b7lacions de climatitzaci\u00f3, ventilaci\u00f3 i producci\u00f3 d&#8217;aigua calenta sanit\u00e0ria (ACS) dels dos edificis principals que formen part de les depend\u00e8ncies de la comissaria de la Gu\u00e0rdia Urbana de Badalona, situades al Tur\u00f3 d\u2019en Caritg. El projecte, dirigit des del Servei de Manteniment d\u2019Edificis i Instal\u00b7lacions Municipals, contempla el desmantellament de les instal\u00b7lacions actuals de climatitzaci\u00f3, ventilaci\u00f3 i equips de producci\u00f3 d\u2019ACS i la instal\u00b7laci\u00f3 de nous equips que garanteixin el confort t\u00e8rmic a les diferents zones.<\/p>\n\n\n\n<p>L\u2019import previst del contracte per portar a terme les obres \u00e9s de 749.662,58 \u20ac, IVA incl\u00f2s, contemplat en el pressupost municipal d\u2019inversions. S\u2019estima que, una vegada s\u2019hagi licitat, l\u2019obra tindr\u00e0 una durada efectiva total de 12 mesos (6 mesos per l\u2019edifici A i 6 mesos per l\u2019edifici B). La construcci\u00f3 de l\u2019actual comissaria de la Gu\u00e0rdia Urbana data de l\u2019any 1983 i t\u00e9 una superf\u00edcie constru\u00efda de 2.740 m2.<\/p>\n\n\n\n<p>El pressupost de l\u2019Ajuntament per al 2025 inclou un annex d&#8217;inversions, de 93,6 milions d&#8217;euros, per a diversos projectes que es duran a terme entre 2025 i 2028, amb l&#8217;objectiu de millorar els equipaments i serveis de la ciutat. D&#8217;aquesta quantitat, el 45% del pressupost d\u2019inversions es destina a projectes de manteniment i reforma d\u2019instal\u00b7lacions municipals, com ara equipaments esportius, casals de gent gran, escoles o, com \u00e9s aquest el cas, les depend\u00e8ncies de la Gu\u00e0rdia Urbana.<\/p>\n\n\n\n<p>L\u2019alcalde de Badalona, Xavier Garcia Albiol, ha destacat el comprom\u00eds del govern municipal amb la millora de la seguretat i amb dotar la Gu\u00e0rdia Urbana de millors mitjans i instal\u00b7lacions. En aquest sentit, l\u2019alcalde ha recordat que fa molts anys que no s\u2019ha invertit en la comissaria de la Gu\u00e0rdia Urbana. \u201cAquest \u00e9s el primer pas que fem per condicionar i dignificar les instal\u00b7lacions del Tur\u00f3 d\u2019en Caritg, per\u00f2 la voluntat del govern \u00e9s fer una reforma integral de la comissaria i estem treballant per a aix\u00f2\u201d, ha afirmat Garcia Albiol.<\/p>\n","protected":false},"excerpt":{"rendered":"<p>L\u2019Ajuntament de Badalona ha aprovat el projecte executiu per a la renovaci\u00f3 de les instal\u00b7lacions de climatitzaci\u00f3, ventilaci\u00f3 i producci\u00f3 d&#8217;aigua calenta sanit\u00e0ria (ACS) dels dos edificis principals que formen part de les depend\u00e8ncies de la comissaria de la Gu\u00e0rdia Urbana de Badalona, situades al Tur\u00f3 d\u2019en Caritg. El projecte, dirigit des del Servei de [&hellip;]<\/p>\n","protected":false},"author":2,"featured_media":8285,"comment_status":"closed","ping_status":"open","sticky":false,"template":"","format":"standard","meta":{"footnotes":""},"categories":[23],"tags":[],"class_list":{"0":"post-8284","1":"post","2":"type-post","3":"status-publish","4":"format-standard","5":"has-post-thumbnail","7":"category-actualitat"},"_links":{"self":[{"href":"https:\/\/areabadalona.com\/diario\/wp-json\/wp\/v2\/posts\/8284","targetHints":{"allow":["GET"]}}],"collection":[{"href":"https:\/\/areabadalona.com\/diario\/wp-json\/wp\/v2\/posts"}],"about":[{"href":"https:\/\/areabadalona.com\/diario\/wp-json\/wp\/v2\/types\/post"}],"author":[{"embeddable":true,"href":"https:\/\/areabadalona.com\/diario\/wp-json\/wp\/v2\/users\/2"}],"replies":[{"embeddable":true,"href":"https:\/\/areabadalona.com\/diario\/wp-json\/wp\/v2\/comments?post=8284"}],"version-history":[{"count":1,"href":"https:\/\/areabadalona.com\/diario\/wp-json\/wp\/v2\/posts\/8284\/revisions"}],"predecessor-version":[{"id":8286,"href":"https:\/\/areabadalona.com\/diario\/wp-json\/wp\/v2\/posts\/8284\/revisions\/8286"}],"wp:featuredmedia":[{"embeddable":true,"href":"https:\/\/areabadalona.com\/diario\/wp-json\/wp\/v2\/media\/8285"}],"wp:attachment":[{"href":"https:\/\/areabadalona.com\/diario\/wp-json\/wp\/v2\/media?parent=8284"}],"wp:term":[{"taxonomy":"category","embeddable":true,"href":"https:\/\/areabadalona.com\/diario\/wp-json\/wp\/v2\/categories?post=8284"},{"taxonomy":"post_tag","embeddable":true,"href":"https:\/\/areabadalona.com\/diario\/wp-json\/wp\/v2\/tags?post=8284"}],"curies":[{"name":"wp","href":"https:\/\/api.w.org\/{rel}","templated":true}]}}