{"id":8281,"date":"2025-01-29T11:05:30","date_gmt":"2025-01-29T11:05:30","guid":{"rendered":"https:\/\/areabadalona.com\/diario\/?p=8281"},"modified":"2025-01-29T11:05:30","modified_gmt":"2025-01-29T11:05:30","slug":"800-alumnes-de-2n-deso-de-badalona-participen-aquest-divendres-en-proves-dorientacio-a-la-serralada-de-marina","status":"publish","type":"post","link":"https:\/\/areabadalona.com\/diario\/2025\/01\/29\/800-alumnes-de-2n-deso-de-badalona-participen-aquest-divendres-en-proves-dorientacio-a-la-serralada-de-marina\/","title":{"rendered":"800 alumnes de 2n d\u2019ESO de Badalona participen aquest divendres en proves d\u2019orientaci\u00f3 a la Serralada de Marina"},"content":{"rendered":"\n<p>La Badaorientaci\u00f3 del Badasport a l&#8217;ESO, amb diferents proves d&#8217;orientaci\u00f3 on participaran uns 800 alumnes de 2n d&#8217;ESO d\u2019instituts de Badalona, tindr\u00e0 lloc aquest divendres 31 de gener, de 9 a 14 hores, a la Serralada de Marina, a l&#8217;entorn del Monestir de Sant Jeroni de la Murtra.<\/p>\n\n\n\n<p>La 4a edici\u00f3 del Badasport a l&#8217;ESO consta de 4 activitats per aquest curs amb la participaci\u00f3 global de 3.700 alumnes de 14 instituts: Badalona VII, IE Baldomer Sol\u00e0, Barres i Ones, Enric Borr\u00e0s, Isaac Alb\u00e9niz, J\u00falia Minguell, La Bastida (SCG), La Riera, Pau Casals, Pompeu Fabra, IE Rafael Alberti, IE Sant Jordi, Ventura Gassol i Tiana.<\/p>\n\n\n\n<p>Despr\u00e9s dels <em>Alternative games<\/em>, que van tenir lloc del 14 al 16 de gener a les pistes d\u2019atletisme Paco \u00c1guila per als alumnes de 1r d\u2019ESO, i de la Badaorientaci\u00f3, per a alumnes de 2n d\u2019ESO, la programaci\u00f3 del Badasport es complementar\u00e0 amb:<\/p>\n\n\n\n<p><strong><em>Beach Games<\/em><\/strong>. Els dies 4, 5 i 6 de mar\u00e7, de 9 a 14 hores, es far\u00e0 a la platja del Coco els Beach Games amb diferents proves a la platja per als 1.000 alumnes de 3r d\u2019ESO.<\/p>\n\n\n\n<p><strong><em>All-implics<\/em><\/strong>: Una barreja diferents jocs i proves que faran els 900 alumnes de 4t d&#8217;ESO els dies 5, 6 i 7 de maig de 9 a 14 hores, al Camp de Futbol Montigal\u00e0.<\/p>\n\n\n\n<p>El Badasport a l&#8217;ESO est\u00e0 organitzat pel Grup de Mestres d&#8217;Educaci\u00f3 F\u00edsica de secund\u00e0ria, vinculat al Pla de Formaci\u00f3 de Zona del Centre de Recusos Pedag\u00f2gics (CRP) i pels Serveis d&#8217;Educaci\u00f3 i d&#8217;Esports de l&#8217;Ajuntament de Badalona.<\/p>\n","protected":false},"excerpt":{"rendered":"<p>La Badaorientaci\u00f3 del Badasport a l&#8217;ESO, amb diferents proves d&#8217;orientaci\u00f3 on participaran uns 800 alumnes de 2n d&#8217;ESO d\u2019instituts de Badalona, tindr\u00e0 lloc aquest divendres 31 de gener, de 9 a 14 hores, a la Serralada de Marina, a l&#8217;entorn del Monestir de Sant Jeroni de la Murtra. La 4a edici\u00f3 del Badasport a l&#8217;ESO [&hellip;]<\/p>\n","protected":false},"author":2,"featured_media":8282,"comment_status":"closed","ping_status":"open","sticky":false,"template":"","format":"standard","meta":{"footnotes":""},"categories":[23],"tags":[],"class_list":{"0":"post-8281","1":"post","2":"type-post","3":"status-publish","4":"format-standard","5":"has-post-thumbnail","7":"category-actualitat"},"_links":{"self":[{"href":"https:\/\/areabadalona.com\/diario\/wp-json\/wp\/v2\/posts\/8281","targetHints":{"allow":["GET"]}}],"collection":[{"href":"https:\/\/areabadalona.com\/diario\/wp-json\/wp\/v2\/posts"}],"about":[{"href":"https:\/\/areabadalona.com\/diario\/wp-json\/wp\/v2\/types\/post"}],"author":[{"embeddable":true,"href":"https:\/\/areabadalona.com\/diario\/wp-json\/wp\/v2\/users\/2"}],"replies":[{"embeddable":true,"href":"https:\/\/areabadalona.com\/diario\/wp-json\/wp\/v2\/comments?post=8281"}],"version-history":[{"count":1,"href":"https:\/\/areabadalona.com\/diario\/wp-json\/wp\/v2\/posts\/8281\/revisions"}],"predecessor-version":[{"id":8283,"href":"https:\/\/areabadalona.com\/diario\/wp-json\/wp\/v2\/posts\/8281\/revisions\/8283"}],"wp:featuredmedia":[{"embeddable":true,"href":"https:\/\/areabadalona.com\/diario\/wp-json\/wp\/v2\/media\/8282"}],"wp:attachment":[{"href":"https:\/\/areabadalona.com\/diario\/wp-json\/wp\/v2\/media?parent=8281"}],"wp:term":[{"taxonomy":"category","embeddable":true,"href":"https:\/\/areabadalona.com\/diario\/wp-json\/wp\/v2\/categories?post=8281"},{"taxonomy":"post_tag","embeddable":true,"href":"https:\/\/areabadalona.com\/diario\/wp-json\/wp\/v2\/tags?post=8281"}],"curies":[{"name":"wp","href":"https:\/\/api.w.org\/{rel}","templated":true}]}}