{"id":8278,"date":"2025-01-29T11:01:52","date_gmt":"2025-01-29T11:01:52","guid":{"rendered":"https:\/\/areabadalona.com\/diario\/?p=8278"},"modified":"2025-01-29T11:01:52","modified_gmt":"2025-01-29T11:01:52","slug":"linstitut-pompeu-fabra-acull-una-xerrada-per-a-les-families-amb-joves-de-12-a-18-anys-per-prevenir-les-addicions-a-productes-camuflats-com-a-tendencia","status":"publish","type":"post","link":"https:\/\/areabadalona.com\/diario\/2025\/01\/29\/linstitut-pompeu-fabra-acull-una-xerrada-per-a-les-families-amb-joves-de-12-a-18-anys-per-prevenir-les-addicions-a-productes-camuflats-com-a-tendencia\/","title":{"rendered":"L\u2019Institut Pompeu Fabra acull una xerrada per a les fam\u00edlies amb joves de 12 a 18 anys per prevenir les addicions a productes camuflats com a \u201ctend\u00e8ncia\u201d"},"content":{"rendered":"\n<p>Dem\u00e0 dimecres 29 de gener, a les 18.30 hores, a l&#8217;Institut Pompeu Fabra, tindr\u00e0 lloc la xerrada \u00abBegudes energ\u00e8tiques, v\u00e0pers i altres estimulants: Com prevenir addiccions\u00bb, adre\u00e7ada a fam\u00edlies amb fills i filles de 12 a 18 anys. La xerrada i di\u00e0leg, a c\u00e0rrec d&#8217;ASAUPAM (Associaci\u00f3 d\u2019Intervenci\u00f3 Comunit\u00e0ria en Drogues), de 90 minuts de durada, forma part del Programa de Formaci\u00f3 per a Fam\u00edlies (PFF) del Servei Educaci\u00f3 de l\u2019Ajuntament de Badalona.<\/p>\n\n\n\n<p>Els joves estan exposats a un gran assortit de propostes \u201cestimulants\u201d, camuflades com a \u201ctend\u00e8ncia\u201d, amb sabors dol\u00e7os, amb una pres\u00e8ncia de diverses subst\u00e0ncies que poden afectar a la salut, i que a m\u00e9s ha augmentat el seu consum entre el grup d&#8217;iguals. En aquesta xerrada els especialistes parlaran de la import\u00e0ncia de tenir converses proactives amb els fills i s\u2019oferiran pautes per a l\u2019educaci\u00f3 familiar. Tamb\u00e9 es reflexionar\u00e0 sobre els usos d&#8217;aquests estimulants entre els adolescents i els joves, dels riscos que comporten i sobre com es pot fer un acompanyament adequat.<\/p>\n\n\n\n<p>La xerrada est\u00e0 organitzada per l&#8217;AFA\/AMPA i l&#8217;equip directiu de l\u2019Institut Pompeu Fabra de Badalona (carrer del Mol\u00ed de la Torre 34-58) i pels Serveis d&#8217;Educaci\u00f3 i de Salut de l\u2019Ajuntament de Badalona, amb la col\u00b7laboraci\u00f3 d&#8217;ASAUPAM.<\/p>\n","protected":false},"excerpt":{"rendered":"<p>Dem\u00e0 dimecres 29 de gener, a les 18.30 hores, a l&#8217;Institut Pompeu Fabra, tindr\u00e0 lloc la xerrada \u00abBegudes energ\u00e8tiques, v\u00e0pers i altres estimulants: Com prevenir addiccions\u00bb, adre\u00e7ada a fam\u00edlies amb fills i filles de 12 a 18 anys. La xerrada i di\u00e0leg, a c\u00e0rrec d&#8217;ASAUPAM (Associaci\u00f3 d\u2019Intervenci\u00f3 Comunit\u00e0ria en Drogues), de 90 minuts de durada, [&hellip;]<\/p>\n","protected":false},"author":1,"featured_media":8279,"comment_status":"closed","ping_status":"open","sticky":false,"template":"","format":"standard","meta":{"footnotes":""},"categories":[23],"tags":[],"class_list":{"0":"post-8278","1":"post","2":"type-post","3":"status-publish","4":"format-standard","5":"has-post-thumbnail","7":"category-actualitat"},"_links":{"self":[{"href":"https:\/\/areabadalona.com\/diario\/wp-json\/wp\/v2\/posts\/8278","targetHints":{"allow":["GET"]}}],"collection":[{"href":"https:\/\/areabadalona.com\/diario\/wp-json\/wp\/v2\/posts"}],"about":[{"href":"https:\/\/areabadalona.com\/diario\/wp-json\/wp\/v2\/types\/post"}],"author":[{"embeddable":true,"href":"https:\/\/areabadalona.com\/diario\/wp-json\/wp\/v2\/users\/1"}],"replies":[{"embeddable":true,"href":"https:\/\/areabadalona.com\/diario\/wp-json\/wp\/v2\/comments?post=8278"}],"version-history":[{"count":1,"href":"https:\/\/areabadalona.com\/diario\/wp-json\/wp\/v2\/posts\/8278\/revisions"}],"predecessor-version":[{"id":8280,"href":"https:\/\/areabadalona.com\/diario\/wp-json\/wp\/v2\/posts\/8278\/revisions\/8280"}],"wp:featuredmedia":[{"embeddable":true,"href":"https:\/\/areabadalona.com\/diario\/wp-json\/wp\/v2\/media\/8279"}],"wp:attachment":[{"href":"https:\/\/areabadalona.com\/diario\/wp-json\/wp\/v2\/media?parent=8278"}],"wp:term":[{"taxonomy":"category","embeddable":true,"href":"https:\/\/areabadalona.com\/diario\/wp-json\/wp\/v2\/categories?post=8278"},{"taxonomy":"post_tag","embeddable":true,"href":"https:\/\/areabadalona.com\/diario\/wp-json\/wp\/v2\/tags?post=8278"}],"curies":[{"name":"wp","href":"https:\/\/api.w.org\/{rel}","templated":true}]}}