{"id":8274,"date":"2025-01-28T12:21:32","date_gmt":"2025-01-28T12:21:32","guid":{"rendered":"https:\/\/areabadalona.com\/diario\/?p=8274"},"modified":"2025-01-28T12:21:33","modified_gmt":"2025-01-28T12:21:33","slug":"badalona-commemora-aquest-dijous-30-de-gener-el-dia-escolar-de-la-no-violencia-i-la-pau","status":"publish","type":"post","link":"https:\/\/areabadalona.com\/diario\/2025\/01\/28\/badalona-commemora-aquest-dijous-30-de-gener-el-dia-escolar-de-la-no-violencia-i-la-pau\/","title":{"rendered":"Badalona commemora aquest dijous 30 de gener el Dia Escolar de la No Viol\u00e8ncia i la Pau"},"content":{"rendered":"\n<p>Dijous 30 de gener se celebra el Dia Escolar de la No Viol\u00e8ncia i la Pau (DENIP). Amb motiu d\u2019aquesta commemoraci\u00f3, uns 225 infants de 4t i 5\u00e8 de set escoles de Badalona (Bet\u00falia; Folch i Torres; Joan Llongueras; Lola Anglada; L\u00f3pez Torrej\u00f3n; Miguel Hern\u00e1ndez i Rafael Alberti) treballen en activitats educatives i art\u00edstiques entorn dels valors relacionats amb la Pau. Aix\u00ed mateix, altres escoles i centres socioeducatius de la ciutat tamb\u00e9 preparen durant aquests dies activitats a favor de la Pau, contra les guerres i tota classe de viol\u00e8ncia arreu del m\u00f3n.<\/p>\n\n\n\n<p>El mateix dijous 30 de gener, de 10.30 a 12 hores, al Teatre Margarida Xirgu, es far\u00e0 una projecci\u00f3 de Cinema per la pau, dirigida a l&#8217;alumnat de les 7 escoles. El mateix dia, a la pla\u00e7a de la Vila, de 9 a 20 hores, es podr\u00e0 visitar l&#8217;exposici\u00f3 de murals Arts per la Pau, fets per l&#8217;alumnat de les 7 escoles. L&#8217;exposici\u00f3 s&#8217;inaugurar\u00e0 a les 10 hores amb la lectura del Manifest del DENIP 2025 a c\u00e0rrec de representants de les 7 escoles.<\/p>\n\n\n\n<p>Durant aquest dia el balc\u00f3 de l&#8217;Ajuntament lluir\u00e0 una pancarta commemorant el Dia Escolar de la No Viol\u00e8ncia i la Pau, que recorda, internacionalment, el dia de l\u2019assassinat de Mahatma Gandhi, l&#8217;any 1948.<\/p>\n\n\n\n<p><strong>Exposici\u00f3 de murals Arts per la Pau<\/strong><\/p>\n\n\n\n<p>L&#8217;exposici\u00f3 de murals \u00abArts per la Pau\u00bb es podr\u00e0 veure durant el dia 30 a la pla\u00e7a de la Vila, des de les 9 fins a les 20 hores, i els dies 31 de gener, 1, 3, 4, 5, 6, 7 i 8 de febrer, a la sala de la planta baixa de la Casa de la Vila. El proc\u00e9s de creaci\u00f3 dels murals ha comptat amb el suport de Gl\u00f2ria Vives Xiol, artista pl\u00e0stica i formadora de docents. L\u2019exposici\u00f3 \u00e9s el fruit del treball de tot l&#8217;alumnat i del professorat amb din\u00e0miques que fomenten la creativitat i el treball cooperatiu en grup entorn d\u2019aspectes relacionats amb la Pau.<\/p>\n\n\n\n<p>El DENIP 2025 est\u00e0 organitzat per les 7 escoles que hi participen, pel Centre de Recursos Pedag\u00f2gics (CRP) del Departament d\u2019Educaci\u00f3 i Formaci\u00f3 Professional de la Generalitat de Catalunya i pel Servei d\u2019Educaci\u00f3 de l\u2019Ajuntament de Badalona.<\/p>\n","protected":false},"excerpt":{"rendered":"<p>Dijous 30 de gener se celebra el Dia Escolar de la No Viol\u00e8ncia i la Pau (DENIP). Amb motiu d\u2019aquesta commemoraci\u00f3, uns 225 infants de 4t i 5\u00e8 de set escoles de Badalona (Bet\u00falia; Folch i Torres; Joan Llongueras; Lola Anglada; L\u00f3pez Torrej\u00f3n; Miguel Hern\u00e1ndez i Rafael Alberti) treballen en activitats educatives i art\u00edstiques entorn [&hellip;]<\/p>\n","protected":false},"author":2,"featured_media":8275,"comment_status":"closed","ping_status":"open","sticky":false,"template":"","format":"standard","meta":{"footnotes":""},"categories":[23],"tags":[],"class_list":{"0":"post-8274","1":"post","2":"type-post","3":"status-publish","4":"format-standard","5":"has-post-thumbnail","7":"category-actualitat"},"_links":{"self":[{"href":"https:\/\/areabadalona.com\/diario\/wp-json\/wp\/v2\/posts\/8274","targetHints":{"allow":["GET"]}}],"collection":[{"href":"https:\/\/areabadalona.com\/diario\/wp-json\/wp\/v2\/posts"}],"about":[{"href":"https:\/\/areabadalona.com\/diario\/wp-json\/wp\/v2\/types\/post"}],"author":[{"embeddable":true,"href":"https:\/\/areabadalona.com\/diario\/wp-json\/wp\/v2\/users\/2"}],"replies":[{"embeddable":true,"href":"https:\/\/areabadalona.com\/diario\/wp-json\/wp\/v2\/comments?post=8274"}],"version-history":[{"count":1,"href":"https:\/\/areabadalona.com\/diario\/wp-json\/wp\/v2\/posts\/8274\/revisions"}],"predecessor-version":[{"id":8276,"href":"https:\/\/areabadalona.com\/diario\/wp-json\/wp\/v2\/posts\/8274\/revisions\/8276"}],"wp:featuredmedia":[{"embeddable":true,"href":"https:\/\/areabadalona.com\/diario\/wp-json\/wp\/v2\/media\/8275"}],"wp:attachment":[{"href":"https:\/\/areabadalona.com\/diario\/wp-json\/wp\/v2\/media?parent=8274"}],"wp:term":[{"taxonomy":"category","embeddable":true,"href":"https:\/\/areabadalona.com\/diario\/wp-json\/wp\/v2\/categories?post=8274"},{"taxonomy":"post_tag","embeddable":true,"href":"https:\/\/areabadalona.com\/diario\/wp-json\/wp\/v2\/tags?post=8274"}],"curies":[{"name":"wp","href":"https:\/\/api.w.org\/{rel}","templated":true}]}}