{"id":8228,"date":"2025-01-14T10:38:22","date_gmt":"2025-01-14T10:38:22","guid":{"rendered":"https:\/\/areabadalona.com\/diario\/?p=8228"},"modified":"2025-01-21T10:40:03","modified_gmt":"2025-01-21T10:40:03","slug":"el-psc-denuncia-que-albiol-incompleix-la-llei-al-no-convocar-la-junta-de-seguretat-local","status":"publish","type":"post","link":"https:\/\/areabadalona.com\/diario\/2025\/01\/14\/el-psc-denuncia-que-albiol-incompleix-la-llei-al-no-convocar-la-junta-de-seguretat-local\/","title":{"rendered":"El PSC denuncia que Albiol incompleix la llei al no convocar la Junta de Seguretat Local\u00a0"},"content":{"rendered":"\n<p>Les darreres dades confirmen l\u2019augment de la delinq\u00fc\u00e8ncia a Badalona mentre l\u2019alcalde evita donar explicacions i incompleix el Decret 151\/1998. El PSC de Badalona denuncia que l\u2019alcalde Xavier Garc\u00eda Albiol no nom\u00e9s \u00e9s incapa\u00e7 de gestionar l\u2019increment de la delinq\u00fc\u00e8ncia a la ciutat, sin\u00f3 que tamb\u00e9 incompleix reiteradament el Decret 151\/1998, de 23 de juny, de regulaci\u00f3 de les juntes locals de seguretat.&nbsp;<\/p>\n\n\n\n<p>Aquest decret obliga a convocar sessions ordin\u00e0ries de la Junta Local de Seguretat com a m\u00ednim un cop cada quatre mesos, requisit que Albiol no ha respectat en diverses ocasions. Davant aquesta situaci\u00f3, Fernando Carrera, president del grup municipal del PSC de Badalona, ha declarat: \u201cBadalona est\u00e0 vivint una situaci\u00f3 alarmant en mat\u00e8ria de seguretat, amb dades de delinq\u00fc\u00e8ncia molt negatives, i l\u2019alcalde Albiol evita sistem\u00e0ticament donar la cara i assumir responsabilitats. Incomplir la normativa que regula les juntes locals de seguretat no nom\u00e9s \u00e9s una mostra de desgovern, sin\u00f3 tamb\u00e9 una falta de respecte cap a la ciutadania.\u201d&nbsp;<\/p>\n\n\n\n<p>Carrera ha destacat que l\u2019incompliment de la normativa posa en evid\u00e8ncia la manca de lideratge d\u2019Albiol: \u201cAlbiol promet seguretat, per\u00f2 la realitat \u00e9s que no convoca les eines necess\u00e0ries per coordinar-la. Aquesta falta d\u2019acci\u00f3 demostra que prefereix fer titulars abans que afrontar els problemes de la ciutat.\u201d &nbsp;<\/p>\n\n\n\n<p>El PSC de Badalona reclama una convocat\u00f2ria immediata de la Junta Local de Seguretat per abordar l\u2019increment de la delinq\u00fc\u00e8ncia a la ciutat. Segons Carrera: \u201cLa seguretat ciutadana no \u00e9s una q\u00fcesti\u00f3 menor. Necessitem que el govern municipal posi per davant el benestar de les persones i deixi de fer partidisme. Badalona mereix un govern que compleixi la llei i treballi per garantir la seguretat dels seus ve\u00efns i ve\u00efnes.\u201d<\/p>\n","protected":false},"excerpt":{"rendered":"<p>Les darreres dades confirmen l\u2019augment de la delinq\u00fc\u00e8ncia a Badalona mentre l\u2019alcalde evita donar explicacions i incompleix el Decret 151\/1998. El PSC de Badalona denuncia que l\u2019alcalde Xavier Garc\u00eda Albiol no nom\u00e9s \u00e9s incapa\u00e7 de gestionar l\u2019increment de la delinq\u00fc\u00e8ncia a la ciutat, sin\u00f3 que tamb\u00e9 incompleix reiteradament el Decret 151\/1998, de 23 de juny, [&hellip;]<\/p>\n","protected":false},"author":2,"featured_media":2855,"comment_status":"closed","ping_status":"open","sticky":false,"template":"","format":"standard","meta":{"footnotes":""},"categories":[23],"tags":[],"class_list":{"0":"post-8228","1":"post","2":"type-post","3":"status-publish","4":"format-standard","5":"has-post-thumbnail","7":"category-actualitat"},"_links":{"self":[{"href":"https:\/\/areabadalona.com\/diario\/wp-json\/wp\/v2\/posts\/8228","targetHints":{"allow":["GET"]}}],"collection":[{"href":"https:\/\/areabadalona.com\/diario\/wp-json\/wp\/v2\/posts"}],"about":[{"href":"https:\/\/areabadalona.com\/diario\/wp-json\/wp\/v2\/types\/post"}],"author":[{"embeddable":true,"href":"https:\/\/areabadalona.com\/diario\/wp-json\/wp\/v2\/users\/2"}],"replies":[{"embeddable":true,"href":"https:\/\/areabadalona.com\/diario\/wp-json\/wp\/v2\/comments?post=8228"}],"version-history":[{"count":1,"href":"https:\/\/areabadalona.com\/diario\/wp-json\/wp\/v2\/posts\/8228\/revisions"}],"predecessor-version":[{"id":8229,"href":"https:\/\/areabadalona.com\/diario\/wp-json\/wp\/v2\/posts\/8228\/revisions\/8229"}],"wp:featuredmedia":[{"embeddable":true,"href":"https:\/\/areabadalona.com\/diario\/wp-json\/wp\/v2\/media\/2855"}],"wp:attachment":[{"href":"https:\/\/areabadalona.com\/diario\/wp-json\/wp\/v2\/media?parent=8228"}],"wp:term":[{"taxonomy":"category","embeddable":true,"href":"https:\/\/areabadalona.com\/diario\/wp-json\/wp\/v2\/categories?post=8228"},{"taxonomy":"post_tag","embeddable":true,"href":"https:\/\/areabadalona.com\/diario\/wp-json\/wp\/v2\/tags?post=8228"}],"curies":[{"name":"wp","href":"https:\/\/api.w.org\/{rel}","templated":true}]}}