{"id":8216,"date":"2025-01-20T10:11:09","date_gmt":"2025-01-20T10:11:09","guid":{"rendered":"https:\/\/areabadalona.com\/diario\/?p=8216"},"modified":"2025-01-21T10:11:59","modified_gmt":"2025-01-21T10:11:59","slug":"motivat-de-bsa-el-programa-de-rehabilitacio-funcional-i-psicologica-per-a-la-gent-gran-rebra-el-financament-del-sopar-solidari-del-rotary-club-de-badalona","status":"publish","type":"post","link":"https:\/\/areabadalona.com\/diario\/2025\/01\/20\/motivat-de-bsa-el-programa-de-rehabilitacio-funcional-i-psicologica-per-a-la-gent-gran-rebra-el-financament-del-sopar-solidari-del-rotary-club-de-badalona\/","title":{"rendered":"MOTIVA\u2019T de BSA, el programa de rehabilitaci\u00f3 funcional i psicol\u00f2gica per a la gent gran, rebr\u00e0 el finan\u00e7ament del sopar solidari del Rotary Club de Badalona"},"content":{"rendered":"\n<p><strong>MOTIVA\u2019T<\/strong> \u00e9s el nou programa de Badalona Serveis Assistencials (BSA) seleccionat pel Rotary Club de Badalona per rebre el finan\u00e7ament del sopar solidari del proper dijous, 6 de febrer de 2025, a l\u2019Espai Titus de Badalona. Es tracta d\u2019un programa de rehabilitaci\u00f3 funcional i psicol\u00f2gica a trav\u00e9s de la sociabilitzaci\u00f3 per a la gent gran al Centre Sociosanitari El Carme de BSA.<\/p>\n\n\n\n<p>Els pacients que requereixen ingr\u00e9s a un centre d\u2019atenci\u00f3 interm\u00e8dia presenten en la immensa majoria algun grau de fragilitat i en almenys el 50% dels casos una davallada funcional respecte a la seva situaci\u00f3 basal. Per a aquestes persones, incorporar elements de sociabilitzaci\u00f3 i rehabilitaci\u00f3 adaptada s\u00f3n elements que poden contribuir a la millora o estabilitat del seu estat de salut i benestar. En ocasions, el propi ingr\u00e9s pot afectar el seu estat funcional, cognitiu i emocional. El mateix pot arribar a passar amb les fam\u00edlies, que amb MOTIVA\u2019T, poden passar a ser part implicada en la millora de tots tres aspectes (funcional, cognitiu i emocional) dels seus \u00e9ssers estimats. I, sota la premissa que els cuidadors han de ser cuidats, i que el personal assistencial tamb\u00e9 pot presentar alts nivells de sobrec\u00e0rrega f\u00edsica i emocional lligada a la seva activitat laboral, el programa planteja actuacions per intentar augmentar el seu benestar en el temps de feina. La iniciativa que es far\u00e0 realitat gr\u00e0cies als diners recaptats del sopar solidari, tracta de convertir un espai a l\u2019aire lliure en un escenari segur per a fer activitats f\u00edsiques, que permetin promoure autonomia personal, mantenir capacitats cognitives i combatre la solitud no desitjada.&nbsp;La ubicaci\u00f3 privilegiada del centre en un entorn natural, el fa ideal per a la creaci\u00f3 d\u2019un jard\u00ed terap\u00e8utic, que permetr\u00e0 atendre les necessitats detectades beneficiant tant a persones usu\u00e0ries, fam\u00edlies com professionals.<\/p>\n\n\n\n<p>Aquest projecte representa l\u2019evoluci\u00f3 d\u2019<strong>EMOTIVA<\/strong> que el centre d\u2019atenci\u00f3 interm\u00e8dia va fer realitat l\u2019any 2023 gr\u00e0cies a la donaci\u00f3 de gaireb\u00e9 16.000 euros que la instituci\u00f3 rot\u00e0ria va aconseguir al sopar solidari del 27 d\u2019octubre de 2022. EMOTIVA ofereix programes de realitat immersiva amb finalitat terap\u00e8utica a usuaris i professionals. \u201cAquestes iniciatives beneficien directament els principals grups d\u2019inter\u00e8s innovant en la forma d\u2019intervenci\u00f3\u201d segons Anna Ferr\u00e9, cap del Servei de Geriatria i Cures Pal\u00b7liatives del Centre Sociosanitari El Carme de BSA que ha explicat els objectius del futur MOTIVA\u2019T i els beneficis ja assolits amb EMOTIVA.<\/p>\n\n\n\n<p>Durant l\u2019acte tamb\u00e9 s\u2019ha explicat la situaci\u00f3 d\u2019un altre projecte posat en marxa gr\u00e0cies a l\u2019alian\u00e7a d\u2019aquestes institucions. <strong>AUTIS+<\/strong> \u00e9s el nom del programa de BSA que incorpora la realitat virtual, amb finalitat terap\u00e8utica per als infants i joves amb Trastorns de l\u2019Espectre Autista. Aquest projecte va rebre m\u00e9s de 15.000 euros recaptats durant La nit de Paul Harris del 16 de novembre de 2023, possibilitant durant 2024 el seu desenvolupament. Aquest 2025 ja ha comen\u00e7at el pilot per adaptar el programa a les necessitats reals de la poblaci\u00f3. Es preveu que els infants dels Centres de Salut Mental Infanto Juvenil (CSMIJ) Badalona 1 i 2 es podran beneficiar progressivament d\u2019aquest programa que permet complementar l\u2019assist\u00e8ncia a trav\u00e9s de l\u2019\u00fas de la tecnologia de manera controlada i amb objectius espec\u00edfics en el seu tractament. Els dos primers itineraris s\u00f3n TransiTEA 360, per facilitar transicions socials o NutriRV, per superar dificultats aliment\u00e0ries d\u2019aquestes persones.El prop\u00f2sit final \u00e9s augmentar l\u2019accessibilitat al tractament, la reducci\u00f3 de l\u2019administraci\u00f3 de f\u00e0rmacs, la millora de la capacitat funcional dels nois i noies per la seva vida quotidiana i les seves relacions amb els altres, i tamb\u00e9 la millora de la satisfacci\u00f3 de les fam\u00edlies amb el tractament. Part d\u2019aquest desenvolupament \u00e9s fruit de la cocreaci\u00f3 del material gr\u00e0cies a la participaci\u00f3 dels professionals assistencials per\u00f2 tamb\u00e9 de les entitats badalonines TEA Cercas i Viu TEA aportant el seu punt de vista i la mirada directa de la fam\u00edlia i infants. Segons Esther Lobo, cap de Salut Mental i Addicions de l\u2019organitzaci\u00f3, \u201coferir eines innovadores com Autis+ i complement\u00e0ries als tractaments permet millorar la nostra oferta a les persones usu\u00e0ries i el seu entorn\u201d.<\/p>\n\n\n\n<p>L\u2019acte tamb\u00e9 ha comptat amb la participaci\u00f3 d\u2019Eva Guill\u00e9n, vicepresidenta del Consell d\u2019Administraci\u00f3 de BSA i 5a tinenta d\u2019alcaldia d\u2019Hisenda, Recursos Humans i Serveis Socials; el secretari del Rotary Club Badalona, Joaquim Azofra i la directora assistencial de BSA, Cristina Carod, que han posat de relleu la import\u00e0ncia d\u2019aquest tipus de col\u00b7laboraci\u00f3 que t\u00e9 un benefici directe per a la poblaci\u00f3, de vegades en etapes vitals vulnerables, com la gent gran i els infants. Tamb\u00e9 s\u2019ha recordat com l\u2019origen de l\u2019alian\u00e7a es remunta a l\u2019any 2002, quan el Rotary Club Badalona va escollir el projecte de l\u2019Hospital de Dia Oncol\u00f2gic de l\u2019Hospital Municipal de Badalona \u2013 embri\u00f3 de BSA.<\/p>\n\n\n\n<p>Finalment, totes les parts han fet una crida a la solidaritat assistint a La Nit de Paul Harris que tindr\u00e0 lloc el proper 6 de febrer, a les 20.30 hores, a l\u2019Espai Titus de Badalona, per fer realitat MOTIVA\u2019T. El preu del mateix \u00e9s de 100 euros, que es podr\u00e0 liquidar el mateix dia o mitjan\u00e7ant transfer\u00e8ncia al compte corrent ES40 0081 0024 8500 0157 4864 identificant-se com a assistent. Tamb\u00e9 es poden realitzar donatius al mateix compte en qualitat de fila zero.<\/p>\n","protected":false},"excerpt":{"rendered":"<p>MOTIVA\u2019T \u00e9s el nou programa de Badalona Serveis Assistencials (BSA) seleccionat pel Rotary Club de Badalona per rebre el finan\u00e7ament del sopar solidari del proper dijous, 6 de febrer de 2025, a l\u2019Espai Titus de Badalona. Es tracta d\u2019un programa de rehabilitaci\u00f3 funcional i psicol\u00f2gica a trav\u00e9s de la sociabilitzaci\u00f3 per a la gent gran [&hellip;]<\/p>\n","protected":false},"author":2,"featured_media":8217,"comment_status":"closed","ping_status":"open","sticky":false,"template":"","format":"standard","meta":{"footnotes":""},"categories":[23],"tags":[],"class_list":{"0":"post-8216","1":"post","2":"type-post","3":"status-publish","4":"format-standard","5":"has-post-thumbnail","7":"category-actualitat"},"_links":{"self":[{"href":"https:\/\/areabadalona.com\/diario\/wp-json\/wp\/v2\/posts\/8216","targetHints":{"allow":["GET"]}}],"collection":[{"href":"https:\/\/areabadalona.com\/diario\/wp-json\/wp\/v2\/posts"}],"about":[{"href":"https:\/\/areabadalona.com\/diario\/wp-json\/wp\/v2\/types\/post"}],"author":[{"embeddable":true,"href":"https:\/\/areabadalona.com\/diario\/wp-json\/wp\/v2\/users\/2"}],"replies":[{"embeddable":true,"href":"https:\/\/areabadalona.com\/diario\/wp-json\/wp\/v2\/comments?post=8216"}],"version-history":[{"count":1,"href":"https:\/\/areabadalona.com\/diario\/wp-json\/wp\/v2\/posts\/8216\/revisions"}],"predecessor-version":[{"id":8218,"href":"https:\/\/areabadalona.com\/diario\/wp-json\/wp\/v2\/posts\/8216\/revisions\/8218"}],"wp:featuredmedia":[{"embeddable":true,"href":"https:\/\/areabadalona.com\/diario\/wp-json\/wp\/v2\/media\/8217"}],"wp:attachment":[{"href":"https:\/\/areabadalona.com\/diario\/wp-json\/wp\/v2\/media?parent=8216"}],"wp:term":[{"taxonomy":"category","embeddable":true,"href":"https:\/\/areabadalona.com\/diario\/wp-json\/wp\/v2\/categories?post=8216"},{"taxonomy":"post_tag","embeddable":true,"href":"https:\/\/areabadalona.com\/diario\/wp-json\/wp\/v2\/tags?post=8216"}],"curies":[{"name":"wp","href":"https:\/\/api.w.org\/{rel}","templated":true}]}}