{"id":8207,"date":"2025-01-16T11:58:39","date_gmt":"2025-01-16T11:58:39","guid":{"rendered":"https:\/\/areabadalona.com\/diario\/?p=8207"},"modified":"2025-01-17T11:59:16","modified_gmt":"2025-01-17T11:59:16","slug":"obert-el-termini-per-presentar-les-candidatures-als-premis-trencant-invisibilitats","status":"publish","type":"post","link":"https:\/\/areabadalona.com\/diario\/2025\/01\/16\/obert-el-termini-per-presentar-les-candidatures-als-premis-trencant-invisibilitats\/","title":{"rendered":"Obert el termini per presentar les candidatures als premis \u201cTrencant Invisibilitats\u201d"},"content":{"rendered":"\n<p>Des de dimecres 15 de gener, i fins al dilluns 3 de febrer, es poden presentar les candidatures als premis \u201cTrencant Invisibilitats\u201d que cada any concedeix el Consell Municipal de la Dona. Aquests premis s\u2019atorguen com a reconeixement a traject\u00f2ries vitals, socials i professionals que ajuden a posar fi als models patriarcals de la societat, sigui de manera individual o col\u00b7lectiva.<\/p>\n\n\n\n<p>Els Premis es concedeixen a les categories \u201cTraject\u00f2ria Individual\u201d i \u201cProjecte\u201d. A la categoria \u201cTraject\u00f2ria Individual\u201d les candidates han de ser dones que han desenvolupat part important de la seva vida, personal, professional o social, a la ciutat de Badalona. La candidata ha d\u2019haver tingut una traject\u00f2ria o alguna experi\u00e8ncia de vida que \u00e9s inspiradora com a exemple de transformaci\u00f3 social en relaci\u00f3 als estereotips de g\u00e8nere, ja sigui vinculats a l\u2019orientaci\u00f3 sexual, la identitat de g\u00e8nere, la classe social, l\u2019edat, la religi\u00f3, l\u2019origen nacional i\/o \u00e8tnic, la diversitat funcional.<\/p>\n\n\n\n<p>Pel que fa a la categoria \u201cProjecte\u201d els candidats han de ser propostes col\u00b7lectives que hagin estat portats a terme al territori de Badalona; projectes que plantegin formes innovadores i efectives de q\u00fcestionar i transformar les relacions de g\u00e8nere, ja sigui en l\u2019\u00e0mbit educatiu, social, pol\u00edtic, cultural o econ\u00f2mic.<\/p>\n\n\n\n<p>Les candidatures als premis Trencant Invisibilitats poden ser proposades per tota persona major de 16 anys empadronada a Badalona, aix\u00ed com les entitats amb domicili a la ciutat. En aquest sentit, la regidora de Gent Gran, Feminisme i LGTBIQ+ i Diversitat funcional de l\u2019Ajuntament de Badalona, Flor\u00e8ncia Badia, ha assenyalat que \u201canimem i convidem tothom a participar en la presentaci\u00f3 de candidatures perqu\u00e8 d\u2019aquesta manera ajudem a donar la visibilitat que mereixen totes aquelles persones i iniciatives que, di\u00e0riament, treballen i contribueixen a la millora de la nostra societat posant en relleu el treball de les dones\u201d.<\/p>\n\n\n\n<p>Les propostes de candidatures es poden presentar al Servei d\u2019Atenci\u00f3 a la Ciutadania (pla\u00e7a de l\u2019Assemblea de Catalunya, 9-12), o a trav\u00e9s del correu electr\u00f2nic <a href=\"mailto:feminisme@badalona.cat\">feminisme@badalona.cat<\/a><\/p>\n\n\n\n<p>Els premis, que no tenen cap dotaci\u00f3 econ\u00f2mica, van n\u00e9ixer l\u2019any 2003 de la m\u00e0 de la Regidoria de la Dona i el Consell Municipal de la Dona. El Consell \u00e9s un \u00f2rgan consultiu i informatiu de l\u2019Ajuntament que t\u00e9 l\u2019objectiu d\u2019assessorar i redactar propostes i plans d\u2019actuaci\u00f3 en totes aquelles mat\u00e8ries que afectin la dona.<\/p>\n\n\n\n<p>En l\u2019enlla\u00e7 seg\u00fcent teniu les Bases reguladores del Premi Trencant Invisibilitats 2025 i el Formulari per a la presentaci\u00f3 de les candidatures<\/p>\n\n\n\n<p><a href=\"https:\/\/www.badalona.cat\/ca\/serveis-ajuntament\/igualtat-feminismes\/premi-trencant-invisibilitats\">Premi Trencant Invisibilitats &#8211; Ajuntament de Badalona<\/a><\/p>\n\n\n\n<p>El lliurament dels premis tindr\u00e0 lloc al Teatre Zorrilla en el marc de la programaci\u00f3 de les activitats commemoratives del 8 de mar\u00e7, \u201cDia Internacional de les Dones\u201d.<\/p>\n","protected":false},"excerpt":{"rendered":"<p>Des de dimecres 15 de gener, i fins al dilluns 3 de febrer, es poden presentar les candidatures als premis \u201cTrencant Invisibilitats\u201d que cada any concedeix el Consell Municipal de la Dona. Aquests premis s\u2019atorguen com a reconeixement a traject\u00f2ries vitals, socials i professionals que ajuden a posar fi als models patriarcals de la societat, [&hellip;]<\/p>\n","protected":false},"author":1,"featured_media":6173,"comment_status":"closed","ping_status":"open","sticky":false,"template":"","format":"standard","meta":{"footnotes":""},"categories":[25],"tags":[],"class_list":{"0":"post-8207","1":"post","2":"type-post","3":"status-publish","4":"format-standard","5":"has-post-thumbnail","7":"category-cultura"},"_links":{"self":[{"href":"https:\/\/areabadalona.com\/diario\/wp-json\/wp\/v2\/posts\/8207","targetHints":{"allow":["GET"]}}],"collection":[{"href":"https:\/\/areabadalona.com\/diario\/wp-json\/wp\/v2\/posts"}],"about":[{"href":"https:\/\/areabadalona.com\/diario\/wp-json\/wp\/v2\/types\/post"}],"author":[{"embeddable":true,"href":"https:\/\/areabadalona.com\/diario\/wp-json\/wp\/v2\/users\/1"}],"replies":[{"embeddable":true,"href":"https:\/\/areabadalona.com\/diario\/wp-json\/wp\/v2\/comments?post=8207"}],"version-history":[{"count":1,"href":"https:\/\/areabadalona.com\/diario\/wp-json\/wp\/v2\/posts\/8207\/revisions"}],"predecessor-version":[{"id":8208,"href":"https:\/\/areabadalona.com\/diario\/wp-json\/wp\/v2\/posts\/8207\/revisions\/8208"}],"wp:featuredmedia":[{"embeddable":true,"href":"https:\/\/areabadalona.com\/diario\/wp-json\/wp\/v2\/media\/6173"}],"wp:attachment":[{"href":"https:\/\/areabadalona.com\/diario\/wp-json\/wp\/v2\/media?parent=8207"}],"wp:term":[{"taxonomy":"category","embeddable":true,"href":"https:\/\/areabadalona.com\/diario\/wp-json\/wp\/v2\/categories?post=8207"},{"taxonomy":"post_tag","embeddable":true,"href":"https:\/\/areabadalona.com\/diario\/wp-json\/wp\/v2\/tags?post=8207"}],"curies":[{"name":"wp","href":"https:\/\/api.w.org\/{rel}","templated":true}]}}