{"id":8204,"date":"2025-01-17T10:03:59","date_gmt":"2025-01-17T10:03:59","guid":{"rendered":"https:\/\/areabadalona.com\/diario\/?p=8204"},"modified":"2025-01-17T10:04:00","modified_gmt":"2025-01-17T10:04:00","slug":"dimarts-21-de-gener-es-celebra-la-ii-jornada-de-practiques-restauratives-de-badalona","status":"publish","type":"post","link":"https:\/\/areabadalona.com\/diario\/2025\/01\/17\/dimarts-21-de-gener-es-celebra-la-ii-jornada-de-practiques-restauratives-de-badalona\/","title":{"rendered":"Dimarts 21 de gener es celebra la II Jornada de Pr\u00e0ctiques Restauratives de Badalona"},"content":{"rendered":"\n<p>L\u2019Ajuntament de Badalona organitza el pr\u00f2xim dimarts 21 de gener la II Jornada de Pr\u00e0ctiques Restauratives de Badalona. Amb el lema \u201cLa veu de l\u2019alumnat: espai d\u2019intercanvi i pr\u00e0ctiques de mediaci\u00f3 en l\u2019\u00e0mbit educatiu i social\u201d, la jornada es dur\u00e0 a terme al Centre Cultural L&#8217;Escorxador &#8211; Nau 3 (c. de l\u2019Arquitecte Fradera, s\/n) de 17 a 20 hores.&nbsp; La jornada est\u00e0 organitzada pel Departament de Conviv\u00e8ncia i Mediaci\u00f3 de l\u2019Ajuntament de Badalona i hi col\u00b7laboren el Servei Educatiu de Badalona i l\u2019Espai Coneix.<\/p>\n\n\n\n<p>Les pr\u00e0ctiques restauratives s\u00f3n una s\u00e8rie de mesures metodol\u00f2gicament estructurades dirigides a donar respostes reparadores als conflictes que sorgeixen en una comunitat. La jornada s\u2019organitza amb l\u2019objectiu d\u2019aprofundir en aquesta praxi, compartir experi\u00e8ncies i coneixements, millorar les compet\u00e8ncies dels participants i innovar en les pr\u00e0ctiques de la mediaci\u00f3. Comptar\u00e0 amb la participaci\u00f3 de Rogelio Rubi\u00f1o, creador del Projecte Dof\u00ed per visibilitzar l\u2019assetjament escolar.&nbsp;&nbsp;&nbsp;&nbsp;&nbsp;&nbsp;&nbsp;&nbsp;&nbsp;&nbsp;<\/p>\n\n\n\n<p>Durant la jornada es donaran a con\u00e8ixer les experi\u00e8ncies de diversos instituts de la m\u00e0 dels seus alumnes i es compartiran les \u00faltimes metodologies i tend\u00e8ncies en mediaci\u00f3 i pr\u00e0ctiques restauratives. L\u2019espai est\u00e0 dissenyat per facilitar l\u2019aplicaci\u00f3 pr\u00e0ctica i est\u00e0 obert a professionals de l\u2019\u00e0mbit educatiu i social, als joves i a les fam\u00edlies.<\/p>\n\n\n\n<p>L\u2019obertura de la jornada anir\u00e0 a c\u00e0rrec del regidor de l\u2019\u00c0rea de Cooperaci\u00f3, Conviv\u00e8ncia i Mediaci\u00f3, Juan Jos\u00e9 Portillo L\u00f3pez i de la regidora de l\u2019\u00c0rea de Joventut i Participaci\u00f3, Odalys S\u00e1nchez.<\/p>\n","protected":false},"excerpt":{"rendered":"<p>L\u2019Ajuntament de Badalona organitza el pr\u00f2xim dimarts 21 de gener la II Jornada de Pr\u00e0ctiques Restauratives de Badalona. Amb el lema \u201cLa veu de l\u2019alumnat: espai d\u2019intercanvi i pr\u00e0ctiques de mediaci\u00f3 en l\u2019\u00e0mbit educatiu i social\u201d, la jornada es dur\u00e0 a terme al Centre Cultural L&#8217;Escorxador &#8211; Nau 3 (c. de l\u2019Arquitecte Fradera, s\/n) de [&hellip;]<\/p>\n","protected":false},"author":2,"featured_media":8205,"comment_status":"closed","ping_status":"open","sticky":false,"template":"","format":"standard","meta":{"footnotes":""},"categories":[23],"tags":[],"class_list":{"0":"post-8204","1":"post","2":"type-post","3":"status-publish","4":"format-standard","5":"has-post-thumbnail","7":"category-actualitat"},"_links":{"self":[{"href":"https:\/\/areabadalona.com\/diario\/wp-json\/wp\/v2\/posts\/8204","targetHints":{"allow":["GET"]}}],"collection":[{"href":"https:\/\/areabadalona.com\/diario\/wp-json\/wp\/v2\/posts"}],"about":[{"href":"https:\/\/areabadalona.com\/diario\/wp-json\/wp\/v2\/types\/post"}],"author":[{"embeddable":true,"href":"https:\/\/areabadalona.com\/diario\/wp-json\/wp\/v2\/users\/2"}],"replies":[{"embeddable":true,"href":"https:\/\/areabadalona.com\/diario\/wp-json\/wp\/v2\/comments?post=8204"}],"version-history":[{"count":1,"href":"https:\/\/areabadalona.com\/diario\/wp-json\/wp\/v2\/posts\/8204\/revisions"}],"predecessor-version":[{"id":8206,"href":"https:\/\/areabadalona.com\/diario\/wp-json\/wp\/v2\/posts\/8204\/revisions\/8206"}],"wp:featuredmedia":[{"embeddable":true,"href":"https:\/\/areabadalona.com\/diario\/wp-json\/wp\/v2\/media\/8205"}],"wp:attachment":[{"href":"https:\/\/areabadalona.com\/diario\/wp-json\/wp\/v2\/media?parent=8204"}],"wp:term":[{"taxonomy":"category","embeddable":true,"href":"https:\/\/areabadalona.com\/diario\/wp-json\/wp\/v2\/categories?post=8204"},{"taxonomy":"post_tag","embeddable":true,"href":"https:\/\/areabadalona.com\/diario\/wp-json\/wp\/v2\/tags?post=8204"}],"curies":[{"name":"wp","href":"https:\/\/api.w.org\/{rel}","templated":true}]}}