{"id":8201,"date":"2025-01-15T09:46:20","date_gmt":"2025-01-15T09:46:20","guid":{"rendered":"https:\/\/areabadalona.com\/diario\/?p=8201"},"modified":"2025-01-17T09:56:04","modified_gmt":"2025-01-17T09:56:04","slug":"badalona-promociona-els-seus-principals-atractius-a-fitur-amb-un-estand-propi-de-80-m%c2%b2","status":"publish","type":"post","link":"https:\/\/areabadalona.com\/diario\/2025\/01\/15\/badalona-promociona-els-seus-principals-atractius-a-fitur-amb-un-estand-propi-de-80-m%c2%b2\/","title":{"rendered":"Badalona promociona els seus principals atractius a FITUR amb un estand propi de 80 m\u00b2"},"content":{"rendered":"\n<p>Badalona promocionar\u00e0 el seu potencial i els seus principals actius en la Fira Internacional del Turisme (FITUR) 2025, l\u2019esdeveniment de refer\u00e8ncia al sector tur\u00edstic i la fira l\u00edder per als mercats receptius i emissors a escala mundial que se celebrar\u00e0 del 22 al 26 de gener a les instal\u00b7lacions d\u2019IFEMA Madrid. Badalona ser\u00e0 pionera en aquesta edici\u00f3 de la fira participant a FITUR amb un estand propi.<\/p>\n\n\n\n<p>L\u2019alcalde Xavier Garcia Albiol i la primera tinenta d\u2019alcaldia, Cristina Ag\u00fcera, han detallat aquest dimecres a la tarda, durant un acte que s\u2019ha celebrat al Centre Cultural El Carme, com ser\u00e0 la pres\u00e8ncia de Badalona a FITUR 2025. A la presentaci\u00f3 hi han assistit representants dels diversos grups municipals, aix\u00ed com d\u2019entitats esportives, culturals i econ\u00f2miques.<\/p>\n\n\n\n<p>En la seva intervenci\u00f3, l\u2019alcalde de Badalona, Xavier Garcia Albiol, ha subratllat que FITUR \u00e9s una plataforma clau per mostrar la identitat i el potencial de Badalona com a destinaci\u00f3 tur\u00edstica, cultural i econ\u00f2mica i ha assegurat que \u201call\u00e0 on hi hagi una oportunitat de projectar la imatge i el potencial de Badalona, com a FITUR, Badalona hi ser\u00e0\u201d. \u201cVolem que ens coneguin no perqu\u00e8 estem al costat de Barcelona, sin\u00f3 pel que podem oferir com a ciutat, pels nostres atractius\u201d, ha afegit. \u201cDes de l\u2019Ajuntament treballem per solucionar els problemes del dia a dia de la ciutat, perqu\u00e8 indubtablement \u00e9s el m\u00e9s important de tot, per\u00f2 tamb\u00e9 volem impulsar a tot arreu les capacitats i les potencialitats de la ciutat\u201d.<\/p>\n\n\n\n<p>Per la seva banda, la primera tinent d\u2019alcalde de Projecci\u00f3 de Ciutat, Cristina Ag\u00fcera, ha subratllat que \u201caquesta primera participaci\u00f3 a FITUR marca un pas decisiu en l\u2019estrat\u00e8gia de projecci\u00f3 de la ciutat\u201d. \u201cEstic conven\u00e7uda que junts assolirem grans resultats\u00bb, ha afirmat Ag\u00fcera. \u201cVolem potenciar la marca Badalona i aquest \u00e9s el cam\u00ed\u201d, ha afegit.<\/p>\n\n\n\n<p><strong>Imatge inspirada en l\u2019esperit mar\u00edtim<\/strong><\/p>\n\n\n\n<p>L\u2019estand de Badalona a FITUR comptar\u00e0 amb una superf\u00edcie de 80 m\u00b2, tindr\u00e0 una imatge inspirada en l\u2019esperit mar\u00edtim de la ciutat i disposar\u00e0 de multitud de recursos visuals i tecnol\u00f2gics per afavorir la interacci\u00f3 amb els visitants. L\u2019estand acollir\u00e0 activitats permanents, xerrades, taules rodones i presentacions que serviran per projectar la marca de ciutat i destacar el seu potencial com a dest\u00ed tur\u00edstic experiencial i n\u00e0utic.<\/p>\n\n\n\n<p>Amb la seva pres\u00e8ncia a FITUR, Badalona vol arribar als professionals de les empreses del sector tur\u00edstic i generar un impacte positiu que suposi un retorn econ\u00f2mic i reputacional per a la ciutat. Tamb\u00e9 es pret\u00e9n aprofitar l\u2019impacte medi\u00e0tic de l\u2019esdeveniment, on hi haur\u00e0 pres\u00e8ncia de mitjans de comunicaci\u00f3 nacionals i internacionals, i enfortir la imatge de Badalona entre el p\u00fablic general, ja que durant el cap de setmana es preveu que passin per la fira prop de 100.000 visitants no professionals.<\/p>\n\n\n\n<p>Badalona es projectar\u00e0 a FITUR com una ciutat mediterr\u00e0nia, oberta i amb un gran potencial tur\u00edstic gr\u00e0cies a la seva combinaci\u00f3 de tradici\u00f3 i modernitat. En aquest sentit, es reivindicar\u00e0 el potencial de les platges badalonines, la gran oferta gastron\u00f2mica i la import\u00e0ncia del sector n\u00e0utic a la ciutat, amb el Port de Badalona i els esdeveniments esportius que s\u2019hi celebren com a punta de llan\u00e7a. Tamb\u00e9 s\u2019explicar\u00e0 l\u2019aposta municipal per desenvolupar el Canal, creant aix\u00ed un espai singular que convertir\u00e0 Badalona en un dels llocs m\u00e9s atractius per viure del litoral catal\u00e0. Un altre eix essencial que es vol traslladar als visitants \u00e9s la import\u00e0ncia de Badalona com a destinaci\u00f3 de refer\u00e8ncia durant les festes de Nadal, per aix\u00f2 s\u2019explicar\u00e0 el model que s\u2019est\u00e0 desenvolupant i que s\u2019est\u00e0 consolidant any rere any.<\/p>\n\n\n\n<p><strong>Programa ampli d\u2019activitats<\/strong><\/p>\n\n\n\n<p>Els tres primers dies de la fira, on nom\u00e9s pot accedir a FITUR el p\u00fablic professional, a l\u2019estand de Badalona s\u2019han programat diverses activitats per atraure oportunitats que enforteixin el teixit econ\u00f2mic de la ciutat. Per comen\u00e7ar, dimecres 22, hi haur\u00e0 tres propostes que tindran la gastronomia com a fil conductor on es destacar\u00e0 la import\u00e0ncia de la tradici\u00f3 gelatera i torronaire a la ciutat, per\u00f2 tamb\u00e9 de la innovaci\u00f3 culin\u00e0ria, fet que s\u2019exemplificar\u00e0 amb una exhibici\u00f3 culin\u00e0ria del xef del restaurant Espai Vers\u00e0til Dragos Badea.<\/p>\n\n\n\n<p>Dijous 23 al mat\u00ed, l\u2019alcalde de Badalona, Xavier Garcia Albiol, acompanyat de la primera tinenta d\u2019alcaldia, Cristina Ag\u00fcera, oferir\u00e0 als assistents una presentaci\u00f3 institucional on remarcar\u00e0 el potencial tur\u00edstic de la ciutat i l\u2019aposta del Govern municipal per fer cr\u00e9ixer aquest sector al municipi. A la tarda, el gerent de Marina Badalona, Imanol Sanz, conduir\u00e0 una conversa que repassar\u00e0 les potencialitats que ofereixen les instal\u00b7lacions portu\u00e0ries com a motor de dinamitzaci\u00f3 econ\u00f2mica i tur\u00edstica, especialment vinculades a l\u2019esport i les activitats mar\u00edtimes.<\/p>\n\n\n\n<p>Divendres 24 al migdia tindr\u00e0 lloc un di\u00e0leg condu\u00eft per l&#8217;alcalde de Xavier Garc\u00eda Albiol que reunir\u00e0 dos badalonins que s\u00f3n grans referents dels seus sectors i representen els valors que impulsen el creixement i la transformaci\u00f3 de Badalona: Enrique Tom\u00e1s, icona de la gastronomia i ambaixador internacional del pernil ib\u00e8ric, i Jos\u00e9 El\u00edas, l\u00edder visionari en energies renovables i sostenibilitat. Aquesta conversa d&#8217;alt nivell explorar\u00e0 com posicionar la marca Badalona i quins reptes i oportunitats s\u2019han d\u2019afrontar. A la tarda, el sector n\u00e0utic tornar\u00e0 a agafar el relleu amb la presentaci\u00f3 de la Golden Cup Badalona 2025, un destacat esdeveniment del circuit de regates de vela, i un di\u00e0leg posterior sobre l\u2019impacte d\u2019aquesta mena de proves esportives i la seva import\u00e0ncia dins del model de promoci\u00f3 tur\u00edstica.<\/p>\n\n\n\n<p>Durant els dos dies del cap de setmana, que estan dirigits al p\u00fablic general, l\u2019estand de Badalona es transformar\u00e0 en un escenari ple de ritme i creativitat amb una sessi\u00f3 de Dj en viu on l\u2019esperit mediterrani ser\u00e0 protagonista. Els assistents podran gaudir de l\u2019activitat degustant un aperitiu amb productes t\u00edpics de la ciutat.<\/p>\n\n\n\n<p>Els cinc dies de FITUR, a banda de les diferents propostes programades, els visitants podran trobar a l\u2019estand de Badalona de manera permanent dues experi\u00e8ncies immersives que faran servir la realitat virtual i la realitat augmentada per donar a con\u00e8ixer la ciutat. Una d\u2019elles permetr\u00e0 al p\u00fablic rec\u00f3rrer els llocs m\u00e9s emblem\u00e0tics de Badalona, fent \u00e8mfasi el seu litoral i el seu gran potencial. L\u2019altra experi\u00e8ncia se centrar\u00e0 en la m\u00e0gia de Nadal a la ciutat i, gr\u00e0cies a unes ulleres de realitat virtual, possibilitar\u00e0 als assistents admirar l\u2019arbre de m\u00e9s de 40 metres d\u2019altura que s\u2019ha convertit en un s\u00edmbol ic\u00f2nic de la campanya nadalenca de Badalona.<\/p>\n","protected":false},"excerpt":{"rendered":"<p>Badalona promocionar\u00e0 el seu potencial i els seus principals actius en la Fira Internacional del Turisme (FITUR) 2025, l\u2019esdeveniment de refer\u00e8ncia al sector tur\u00edstic i la fira l\u00edder per als mercats receptius i emissors a escala mundial que se celebrar\u00e0 del 22 al 26 de gener a les instal\u00b7lacions d\u2019IFEMA Madrid. Badalona ser\u00e0 pionera en [&hellip;]<\/p>\n","protected":false},"author":2,"featured_media":8202,"comment_status":"closed","ping_status":"open","sticky":false,"template":"","format":"standard","meta":{"footnotes":""},"categories":[23],"tags":[],"class_list":{"0":"post-8201","1":"post","2":"type-post","3":"status-publish","4":"format-standard","5":"has-post-thumbnail","7":"category-actualitat"},"_links":{"self":[{"href":"https:\/\/areabadalona.com\/diario\/wp-json\/wp\/v2\/posts\/8201","targetHints":{"allow":["GET"]}}],"collection":[{"href":"https:\/\/areabadalona.com\/diario\/wp-json\/wp\/v2\/posts"}],"about":[{"href":"https:\/\/areabadalona.com\/diario\/wp-json\/wp\/v2\/types\/post"}],"author":[{"embeddable":true,"href":"https:\/\/areabadalona.com\/diario\/wp-json\/wp\/v2\/users\/2"}],"replies":[{"embeddable":true,"href":"https:\/\/areabadalona.com\/diario\/wp-json\/wp\/v2\/comments?post=8201"}],"version-history":[{"count":1,"href":"https:\/\/areabadalona.com\/diario\/wp-json\/wp\/v2\/posts\/8201\/revisions"}],"predecessor-version":[{"id":8203,"href":"https:\/\/areabadalona.com\/diario\/wp-json\/wp\/v2\/posts\/8201\/revisions\/8203"}],"wp:featuredmedia":[{"embeddable":true,"href":"https:\/\/areabadalona.com\/diario\/wp-json\/wp\/v2\/media\/8202"}],"wp:attachment":[{"href":"https:\/\/areabadalona.com\/diario\/wp-json\/wp\/v2\/media?parent=8201"}],"wp:term":[{"taxonomy":"category","embeddable":true,"href":"https:\/\/areabadalona.com\/diario\/wp-json\/wp\/v2\/categories?post=8201"},{"taxonomy":"post_tag","embeddable":true,"href":"https:\/\/areabadalona.com\/diario\/wp-json\/wp\/v2\/tags?post=8201"}],"curies":[{"name":"wp","href":"https:\/\/api.w.org\/{rel}","templated":true}]}}