{"id":8198,"date":"2025-01-17T09:41:20","date_gmt":"2025-01-17T09:41:20","guid":{"rendered":"https:\/\/areabadalona.com\/diario\/?p=8198"},"modified":"2025-01-17T09:41:21","modified_gmt":"2025-01-17T09:41:21","slug":"la-realitat-virtual-com-a-aliada-per-gestionar-el-dolor-cronic-i-la-sensibilitzacio-central","status":"publish","type":"post","link":"https:\/\/areabadalona.com\/diario\/2025\/01\/17\/la-realitat-virtual-com-a-aliada-per-gestionar-el-dolor-cronic-i-la-sensibilitzacio-central\/","title":{"rendered":"La realitat virtual com a aliada per gestionar el dolor cr\u00f2nic i la sensibilitzaci\u00f3 central"},"content":{"rendered":"\n<p>El CAP Montgat \u2013 Dr. Jard\u00ed \u00e9s el nou Centre d\u2019Atenci\u00f3 Prim\u00e0ria de BSA on a partir d\u2019aquest mes de gener de 2025 es desplega tamb\u00e9 el Programa psicoeducatiu multidisciplinar per a la gesti\u00f3 del dolor cr\u00f2nic amb realitat virtual (REDOCVR)&nbsp;amb l\u2019objectiu d\u2019assolir els mateixos bons resultats que a la resta de centres on ja s\u2019ofereix el programa. Amb aquesta ampliaci\u00f3, m\u00e9s d\u2019una setantena d\u2019usuaris se\u2019n beneficiaran d\u2019un programa que ja compta amb la participaci\u00f3 de m\u00e9s d\u2019una quinzena de professionals entre fisioterapeutes, psic\u00f2logues de benestar emocional i comunitari (RBEC) i professionals de Medicina Familiar i Comunit\u00e0ria.<\/p>\n\n\n\n<p>Les dues primeres fases del projecte engegat inicialment a tres centres d&#8217;atenci\u00f3 prim\u00e0ria de l\u2019organitzaci\u00f3 han donat resultats molt positius pel que fa a satisfacci\u00f3, acceptabilitat i usabilitat, tant per part dels pacients com dels professionals implicats.&nbsp;\u201cTinc eines per quan tinc moments dolents, portar-los millor\u201d assegura Mari Carmen, una de les usu\u00e0ries que ja ha acabat el programa. Per la seva banda, Carme afirma que&nbsp;\u201c\u00e9s dif\u00edcil relaxar-se amb el que tinc, per\u00f2 amb les ulleres et dona molta sensaci\u00f3 de pau, tranquil\u00b7litat\u201d, que afegeix que amb REDOCVR t\u00e9 una petita treva pel dolor.<\/p>\n\n\n\n<p>La fase pilot del programa va arrencar al CAP Apenins-Montigal\u00e0 el mes de febrer de 2024. La segona fase, de mar\u00e7 a juny de 2024, es va dur a terme&nbsp;en aquest centre i als&nbsp;de Morera-Pomar i Progr\u00e9s-Raval. Durant la tardor de l\u2019any passat, els tres centres van ampliar l\u2019oferta del programa ja que la realitat virtual es mostrava ja com una eina potent en el proc\u00e9s d&#8217;apoderament de persones amb dolor cr\u00f2nic, facilitant un acompanyament m\u00e9s efectiu en la gesti\u00f3 del tractament i millorant significativament la qualitat de vida.<\/p>\n\n\n\n<p><strong>Aven\u00e7os en desmedicalitzaci\u00f3<\/strong><\/p>\n\n\n\n<p>En la tercera fase, amb els nous grups implementats durant la tardor de 2024 als 3 CAPs, a m\u00e9s d&#8217;augmentar les sessions i reestructurar part del programa, s\u2019afegeix la figura de metges\/ses de fam\u00edlia per acompanyar&nbsp;els pacients per&nbsp;fer una desprescripci\u00f3 de medicaments supervisada. El resultat han estat aven\u00e7os significatius en aquesta desmedicalitzaci\u00f3 i la gesti\u00f3 del dolor cr\u00f2nic en la l\u00ednia de potenciar les eines no farmacol\u00f2giques. De fet, s&#8217;ha registrat una millora notable en la qualitat de vida dels participants, una disminuci\u00f3 de la depend\u00e8ncia dels medicaments i una major autonomia en la gesti\u00f3 de la salut.<\/p>\n\n\n\n<p><strong>Projecte seleccionat a&nbsp;iNexes<\/strong><\/p>\n\n\n\n<p>El programa Reeducaci\u00f3 Dolor Cr\u00f2nic Virtual Reality (REDOCVR) \u00e9s una iniciativa multidisciplin\u00e0ria en qu\u00e8 participen metges de&nbsp;fam\u00edlia i de l&#8217;equip d&#8217;Innovaci\u00f3, fisioterapeutes d&#8217;atenci\u00f3 prim\u00e0ria i comunit\u00e0ria&nbsp;i psic\u00f2legs referents de Benestar Emocional i Comunitari de BSA.&nbsp;Es tracta d&#8217;un dels&nbsp;dos projectes de l\u2019organitzaci\u00f3 seleccionats en l&#8217;\u00e0mbit de l&#8217;atenci\u00f3 sanit\u00e0ria i social en el marc del&nbsp;hub&nbsp;d&#8217;innovaci\u00f3 del Consorci de Salut i Social&nbsp;de Catalunya&nbsp;iNexes.&nbsp;S\u2019emmarca en el finan\u00e7ament dels fons per a les estrat\u00e8gies 2023 del Ministeri de Sanitat, que van ser aprovats en el&nbsp;CSNS&nbsp;amb data 23 de juny de 2023 com a suport a la implementaci\u00f3 del Pla d\u2019Acci\u00f3 Atenci\u00f3 Prim\u00e0ria i Comunit\u00e0ria.<\/p>\n\n\n\n<p>El projecte vol&nbsp;avaluar una experi\u00e8ncia que persegueix millorar la qualitat de vida dels pacients i ajudar-los a&nbsp;gestionar&nbsp;el dolor cr\u00f2nic, una problem\u00e0tica major en salut p\u00fablica a l\u2019Estat espanyol. A m\u00e9s d&#8217;analitzar l\u2019acollida de la realitat virtual, per part de persones usu\u00e0ries i professionals,&nbsp;com a&nbsp;eina complement\u00e0ria efica\u00e7 en el tractament del dolor cr\u00f2nic, es vol&nbsp;estudiar si l\u2019\u00fas d\u2019aquesta tecnologia permet refor\u00e7ar l&#8217;adher\u00e8ncia als programes terap\u00e8utics i potenciar el benestar emocional dels pacients.<\/p>\n\n\n\n<p>Aquesta iniciativa s\u2019hi suma a les diferents l\u00ednies d\u2019\u00fas de la <a href=\"https:\/\/www.bsa.cat\/ca\/r+d+i\/rdi_projecte\/realitat-virtual-amb-finalitat-terapeutica-o-docent\">realitat virtual a BSA<\/a>&nbsp;amb finalitats assistencials i docents que l\u2019organitzaci\u00f3 duu a terme actualment.<\/p>\n","protected":false},"excerpt":{"rendered":"<p>El CAP Montgat \u2013 Dr. Jard\u00ed \u00e9s el nou Centre d\u2019Atenci\u00f3 Prim\u00e0ria de BSA on a partir d\u2019aquest mes de gener de 2025 es desplega tamb\u00e9 el Programa psicoeducatiu multidisciplinar per a la gesti\u00f3 del dolor cr\u00f2nic amb realitat virtual (REDOCVR)&nbsp;amb l\u2019objectiu d\u2019assolir els mateixos bons resultats que a la resta de centres on ja [&hellip;]<\/p>\n","protected":false},"author":2,"featured_media":8199,"comment_status":"closed","ping_status":"open","sticky":false,"template":"","format":"standard","meta":{"footnotes":""},"categories":[23],"tags":[],"class_list":{"0":"post-8198","1":"post","2":"type-post","3":"status-publish","4":"format-standard","5":"has-post-thumbnail","7":"category-actualitat"},"_links":{"self":[{"href":"https:\/\/areabadalona.com\/diario\/wp-json\/wp\/v2\/posts\/8198","targetHints":{"allow":["GET"]}}],"collection":[{"href":"https:\/\/areabadalona.com\/diario\/wp-json\/wp\/v2\/posts"}],"about":[{"href":"https:\/\/areabadalona.com\/diario\/wp-json\/wp\/v2\/types\/post"}],"author":[{"embeddable":true,"href":"https:\/\/areabadalona.com\/diario\/wp-json\/wp\/v2\/users\/2"}],"replies":[{"embeddable":true,"href":"https:\/\/areabadalona.com\/diario\/wp-json\/wp\/v2\/comments?post=8198"}],"version-history":[{"count":1,"href":"https:\/\/areabadalona.com\/diario\/wp-json\/wp\/v2\/posts\/8198\/revisions"}],"predecessor-version":[{"id":8200,"href":"https:\/\/areabadalona.com\/diario\/wp-json\/wp\/v2\/posts\/8198\/revisions\/8200"}],"wp:featuredmedia":[{"embeddable":true,"href":"https:\/\/areabadalona.com\/diario\/wp-json\/wp\/v2\/media\/8199"}],"wp:attachment":[{"href":"https:\/\/areabadalona.com\/diario\/wp-json\/wp\/v2\/media?parent=8198"}],"wp:term":[{"taxonomy":"category","embeddable":true,"href":"https:\/\/areabadalona.com\/diario\/wp-json\/wp\/v2\/categories?post=8198"},{"taxonomy":"post_tag","embeddable":true,"href":"https:\/\/areabadalona.com\/diario\/wp-json\/wp\/v2\/tags?post=8198"}],"curies":[{"name":"wp","href":"https:\/\/api.w.org\/{rel}","templated":true}]}}