{"id":8192,"date":"2025-01-13T12:21:45","date_gmt":"2025-01-13T12:21:45","guid":{"rendered":"https:\/\/areabadalona.com\/diario\/?p=8192"},"modified":"2025-01-14T12:22:58","modified_gmt":"2025-01-14T12:22:58","slug":"el-psc-reclama-lactivacio-immediata-de-loperacio-fred-a-badalona","status":"publish","type":"post","link":"https:\/\/areabadalona.com\/diario\/2025\/01\/13\/el-psc-reclama-lactivacio-immediata-de-loperacio-fred-a-badalona\/","title":{"rendered":"El PSC reclama l&#8217;activaci\u00f3 immediata de l&#8217;Operaci\u00f3 Fred a Badalona"},"content":{"rendered":"\n<p>El PSC de Badalona exigeix al govern del PP que posi en marxa de manera immediata l&#8217;Operaci\u00f3 Fred, especialment ara que les temperatures estan caient de manera significativa. La protecci\u00f3 de les persones sense llar ha de ser una prioritat durant els mesos d&#8217;hivern, i cal actuar amb dilig\u00e8ncia i transpar\u00e8ncia. El president del grup municipal del PSC, Fernando Carrera, ha declarat: \u00ab\u00c9s imprescindible que l&#8217;Ajuntament de Badalona habiliti els recursos necessaris per garantir que cap persona sense llar es quedi al carrer durant les nits de fred intens. Demanem una resposta r\u00e0pida i efectiva davant aquesta situaci\u00f3.\u00bb<br><br>A m\u00e9s, des del PSC es reclama informaci\u00f3 clara i detallada sobre l&#8217;abast i l&#8217;organitzaci\u00f3 del pla:<br><br>* On i com s&#8217;atendran les persones sense llar de la ciutat?<br><br>* Quines actuacions s&#8217;han dut a terme a l&#8217;edifici de Can Pepus?<br><br>* Quantes persones poden ser acollides en aquest espai?<br><br>Carrera considera que: \u00ables ciutats del nostre entorn ja han activat els seus protocols per atendre les persones m\u00e9s vulnerables durant l&#8217;hivern. \u00c9s urgent que Badalona faci el mateix i ofereixi respostes efectives. No ens podem permetre manca de previsi\u00f3 ni falta de comunicaci\u00f3.\u00bb<\/p>\n","protected":false},"excerpt":{"rendered":"<p>El PSC de Badalona exigeix al govern del PP que posi en marxa de manera immediata l&#8217;Operaci\u00f3 Fred, especialment ara que les temperatures estan caient de manera significativa. La protecci\u00f3 de les persones sense llar ha de ser una prioritat durant els mesos d&#8217;hivern, i cal actuar amb dilig\u00e8ncia i transpar\u00e8ncia. El president del grup [&hellip;]<\/p>\n","protected":false},"author":2,"featured_media":8193,"comment_status":"closed","ping_status":"open","sticky":false,"template":"","format":"standard","meta":{"footnotes":""},"categories":[23],"tags":[],"class_list":{"0":"post-8192","1":"post","2":"type-post","3":"status-publish","4":"format-standard","5":"has-post-thumbnail","7":"category-actualitat"},"_links":{"self":[{"href":"https:\/\/areabadalona.com\/diario\/wp-json\/wp\/v2\/posts\/8192","targetHints":{"allow":["GET"]}}],"collection":[{"href":"https:\/\/areabadalona.com\/diario\/wp-json\/wp\/v2\/posts"}],"about":[{"href":"https:\/\/areabadalona.com\/diario\/wp-json\/wp\/v2\/types\/post"}],"author":[{"embeddable":true,"href":"https:\/\/areabadalona.com\/diario\/wp-json\/wp\/v2\/users\/2"}],"replies":[{"embeddable":true,"href":"https:\/\/areabadalona.com\/diario\/wp-json\/wp\/v2\/comments?post=8192"}],"version-history":[{"count":1,"href":"https:\/\/areabadalona.com\/diario\/wp-json\/wp\/v2\/posts\/8192\/revisions"}],"predecessor-version":[{"id":8194,"href":"https:\/\/areabadalona.com\/diario\/wp-json\/wp\/v2\/posts\/8192\/revisions\/8194"}],"wp:featuredmedia":[{"embeddable":true,"href":"https:\/\/areabadalona.com\/diario\/wp-json\/wp\/v2\/media\/8193"}],"wp:attachment":[{"href":"https:\/\/areabadalona.com\/diario\/wp-json\/wp\/v2\/media?parent=8192"}],"wp:term":[{"taxonomy":"category","embeddable":true,"href":"https:\/\/areabadalona.com\/diario\/wp-json\/wp\/v2\/categories?post=8192"},{"taxonomy":"post_tag","embeddable":true,"href":"https:\/\/areabadalona.com\/diario\/wp-json\/wp\/v2\/tags?post=8192"}],"curies":[{"name":"wp","href":"https:\/\/api.w.org\/{rel}","templated":true}]}}