{"id":8189,"date":"2025-01-14T12:19:54","date_gmt":"2025-01-14T12:19:54","guid":{"rendered":"https:\/\/areabadalona.com\/diario\/?p=8189"},"modified":"2025-01-14T12:19:55","modified_gmt":"2025-01-14T12:19:55","slug":"la-xarxa-de-biblioteques-municipals-de-badalona-fomenta-la-salut-bucodental-infantil-mitjancant-la-lectura-del-conte-els-monstres-tambe-es-renten-les-dents","status":"publish","type":"post","link":"https:\/\/areabadalona.com\/diario\/2025\/01\/14\/la-xarxa-de-biblioteques-municipals-de-badalona-fomenta-la-salut-bucodental-infantil-mitjancant-la-lectura-del-conte-els-monstres-tambe-es-renten-les-dents\/","title":{"rendered":"La Xarxa de Biblioteques Municipals de Badalona fomenta la salut bucodental infantil mitjan\u00e7ant la lectura del conte Els Monstres tamb\u00e9 es renten les dents!"},"content":{"rendered":"\n<p>Les biblioteques municipals de Badalona inicien l\u2019any 2025 amb activitats dirigides als infants per fomentar els h\u00e0bits saludables a trav\u00e9s de la lectura d\u2019<strong><em>Els Monstres tamb\u00e9 es renten les dents!. <\/em><\/strong>Tamb\u00e9 continua l\u2019<strong>Hora del Conte <\/strong>i <strong>Biblioteques per la sostenibilitat<\/strong>. Cal destacar que la Biblioteca Llefi\u00e0-Xavier Soto ofereix la possibilitat de resoldre dubtes b\u00e0sics d\u2019inform\u00e0tica i que la Biblioteca Canyad\u00f3 i Casagemes &#8211; Joan Argent\u00e9 amplia els seus horaris per acollir el programa <strong>Estudiem de Nit<\/strong>. Tamb\u00e9 cal destacar aquest mes el treball conjunt entre biblioteques i centres sanitaris a trav\u00e9s de les activitats <strong>Nascuts per llegir<\/strong> per tal d&#8217;impulsar el gust per llegir i establir un vincle afectiu entre adults i petits al voltant del llibre.<\/p>\n\n\n\n<p><strong>BIBLIOTECA I SALUT: SALUT BUCODENTAL<\/strong><\/p>\n\n\n\n<p><strong><em>Els Monstres tamb\u00e9 es renten les dents!<\/em><\/strong>&nbsp;de Jessica Martinello i Gr\u00e9goire Mabire. A c\u00e0rrec del personal de cada Biblioteca.<\/p>\n\n\n\n<ul class=\"wp-block-list\">\n<li>Dijous 16 de gener, a les 17.30 h, a la Biblioteca Can Casacuberta \u2013 Centre Cultural el Carme, 4a planta (c. de Francesc Layret, 78 &#8211; 82)<\/li>\n\n\n\n<li>Dimarts 14 de gener, a les 17 h, la Biblioteca Canyad\u00f3 i Casagemes \u2013 Joan Argent\u00e9<\/li>\n\n\n\n<li>Dimecres 22 de gener, a les 18 h, a la Biblioteca Llefi\u00e0 \u2013 Xavier Soto<\/li>\n\n\n\n<li>Dijous 30 de gener, a les 17.30 h, a la Biblioteca Lloreda<\/li>\n\n\n\n<li>Dimecres 15 de gener, a les 17.30, a la Biblioteca Pomar<\/li>\n\n\n\n<li>Dimecres 29 de gener, a les 17.30 h, a la Biblioteca Sant Roc<\/li>\n<\/ul>\n\n\n\n<p>Els infants han d\u2019anar acompanyats d\u2019un adult. Cal inscripci\u00f3 pr\u00e8via. Per a infants a partir de 4 anys.<\/p>\n\n\n\n<p><strong>NASCUTS PER LLEGIR<\/strong><\/p>\n\n\n\n<p><strong>Hora del conte:<\/strong><\/p>\n\n\n\n<p><strong>Dimarts 28<\/strong>, a les 17.30 h, a la <strong>Biblioteca Lloreda<\/strong><\/p>\n\n\n\n<p><em>Joc de mans<\/em>&nbsp;de Mar Benegas, a c\u00e0rrec del personal de la biblioteca<\/p>\n\n\n\n<p><strong>Dimarts 28<\/strong>, a les 17.30 h, a la <strong>Biblioteca de Canyad\u00f3 i Casagemes &#8211; Joan Argent\u00e9<\/strong><\/p>\n\n\n\n<p><em>Ralet, ralet<\/em>. Estimulaci\u00f3 musical pels infants de La Petiteka. A c\u00e0rrec de No\u00e8lia Casero.<\/p>\n\n\n\n<p><strong>Dimecres 29<\/strong>, a les 17.30 hores. Biblioteca Can Casacuberta \u2013 <strong>Centre Cultural El Carme<\/strong>, 4a Planta (Francesc Layret, 78-82, 4a planta)<\/p>\n\n\n\n<p>BiblioLab. Hora del conte per a nadons: <em>Taaat! \/ Cuc\u00fa \u2013 Tr\u00e1s! \/ Peekaboo<\/em>, A c\u00e0rrec d&#8217;Ana Garc\u00eda. Per infants de 6 mesos a 3 anys.<\/p>\n\n\n\n<p><strong>Dimecres 29<\/strong>, a les 17.30 h <strong>Biblioteca Llefi\u00e0 &#8211; Xavier Soto<\/strong><\/p>\n\n\n\n<p><em>Deu ditets de Mem Fox<\/em>, a c\u00e0rrec de personal de la biblioteca. Per a infants entre 0 i 3 anys.<\/p>\n\n\n\n<p>En aquestes activitats les places s\u00f3n limitades. Cal inscripci\u00f3 pr\u00e8via. Trobareu m\u00e9s informaci\u00f3 a la biblioteca on es realitza l\u2019activitat. Els infants han d&#8217;anar acompanyats d&#8217;un adult.<\/p>\n\n\n\n<p>Amb la col\u00b7laboraci\u00f3 de BSA Serveis Assistencials, ICS Atenci\u00f3 Prim\u00e0ria i Servei de Salut de l&#8217;Ajuntament de Badalona.<\/p>\n\n\n\n<p><strong>BIBLIOTEQUES PER LA SOSTENIBILITAT: BIBLIOLAB MILLOR QUE NOU<\/strong><\/p>\n\n\n\n<p><strong>Dilluns 27<\/strong>, a les 18.00 hores al Centre Cultural El Carme, 4a Planta (Francesc Layret, 78-82, 4a planta)<\/p>\n\n\n\n<p><em>Transformem i parlem de brics (Upcycling).<\/em><\/p>\n\n\n\n<p>Activitat adre\u00e7ada a p\u00fablic adult o fam\u00edlies. Trobareu m\u00e9s informaci\u00f3 a la biblioteca on es realitza l\u2019activitat. En col\u00b7laboraci\u00f3 amb l\u2019\u00c0rea Metropolitana de Barcelona. Places limitades. Cal inscripci\u00f3 pr\u00e8via.<\/p>\n\n\n\n<p><strong>RESERVA UN@ INFORM\u00c0TIC@<\/strong><\/p>\n\n\n\n<p>La Biblioteca Llefi\u00e0-Xavier Soto ofereix la possibilitat de <strong>resoldre dubtes b\u00e0sics d\u2019inform\u00e0tica<\/strong>&nbsp;dins el servei \u201cReserva un@ inform\u00e0tic@\u201d.<\/p>\n\n\n\n<p>De dimarts a dijous, de 16 i les 20 hores, de forma personalitzada i gratu\u00efta, estudiants en pr\u00e0ctiques del grau mitj\u00e0 d\u2019inform\u00e0tica de l\u2019IES Puig-Castellar resolen dubtes i ofereixen formaci\u00f3 sobre inform\u00e0tica b\u00e0sica d\u2019usuari.<\/p>\n\n\n\n<p>Trobareu m\u00e9s informaci\u00f3 a la biblioteca on es realitza l\u2019activitat.<\/p>\n\n\n\n<p><strong>ESTUDIEM DE NIT<\/strong><\/p>\n\n\n\n<p>L\u2019Ajuntament de Badalona, a trav\u00e9s del Departament de Joventut, torna a posar en marxa des del dimarts 7 de gener i fins al dijous 6 de febrer el programa \u2018Estudiem de Nit\u2019, una iniciativa que facilita al jovent la possibilitat d\u2019estudiar en horari nocturn en \u00e8poques d\u2019ex\u00e0mens.<\/p>\n\n\n\n<p>Coincidint amb les setmanes pr\u00e8vies a les avaluacions, el programa afavoreix que els joves que actualment estan estudiant, aix\u00ed com aquelles persones que combinen feina i estudis, tinguin la possibilitat de fer-ho de nit a la Biblioteca Canyad\u00f3 i Casagemes &#8211; Joan Argent\u00e9.<\/p>\n\n\n\n<p>Els horaris ampliats s\u00f3n els seg\u00fcents:<\/p>\n\n\n\n<p><strong>Biblioteca Canyad\u00f3 i Casagemes &#8211; Joan Argent\u00e9<\/strong><\/p>\n\n\n\n<p>Carrer de Jacinto Benavente, 3<\/p>\n\n\n\n<p>De dilluns a dijous, de 20.30 a 0.30 hores.<\/p>\n","protected":false},"excerpt":{"rendered":"<p>Les biblioteques municipals de Badalona inicien l\u2019any 2025 amb activitats dirigides als infants per fomentar els h\u00e0bits saludables a trav\u00e9s de la lectura d\u2019Els Monstres tamb\u00e9 es renten les dents!. Tamb\u00e9 continua l\u2019Hora del Conte i Biblioteques per la sostenibilitat. Cal destacar que la Biblioteca Llefi\u00e0-Xavier Soto ofereix la possibilitat de resoldre dubtes b\u00e0sics d\u2019inform\u00e0tica [&hellip;]<\/p>\n","protected":false},"author":2,"featured_media":8190,"comment_status":"closed","ping_status":"open","sticky":false,"template":"","format":"standard","meta":{"footnotes":""},"categories":[25],"tags":[],"class_list":{"0":"post-8189","1":"post","2":"type-post","3":"status-publish","4":"format-standard","5":"has-post-thumbnail","7":"category-cultura"},"_links":{"self":[{"href":"https:\/\/areabadalona.com\/diario\/wp-json\/wp\/v2\/posts\/8189","targetHints":{"allow":["GET"]}}],"collection":[{"href":"https:\/\/areabadalona.com\/diario\/wp-json\/wp\/v2\/posts"}],"about":[{"href":"https:\/\/areabadalona.com\/diario\/wp-json\/wp\/v2\/types\/post"}],"author":[{"embeddable":true,"href":"https:\/\/areabadalona.com\/diario\/wp-json\/wp\/v2\/users\/2"}],"replies":[{"embeddable":true,"href":"https:\/\/areabadalona.com\/diario\/wp-json\/wp\/v2\/comments?post=8189"}],"version-history":[{"count":1,"href":"https:\/\/areabadalona.com\/diario\/wp-json\/wp\/v2\/posts\/8189\/revisions"}],"predecessor-version":[{"id":8191,"href":"https:\/\/areabadalona.com\/diario\/wp-json\/wp\/v2\/posts\/8189\/revisions\/8191"}],"wp:featuredmedia":[{"embeddable":true,"href":"https:\/\/areabadalona.com\/diario\/wp-json\/wp\/v2\/media\/8190"}],"wp:attachment":[{"href":"https:\/\/areabadalona.com\/diario\/wp-json\/wp\/v2\/media?parent=8189"}],"wp:term":[{"taxonomy":"category","embeddable":true,"href":"https:\/\/areabadalona.com\/diario\/wp-json\/wp\/v2\/categories?post=8189"},{"taxonomy":"post_tag","embeddable":true,"href":"https:\/\/areabadalona.com\/diario\/wp-json\/wp\/v2\/tags?post=8189"}],"curies":[{"name":"wp","href":"https:\/\/api.w.org\/{rel}","templated":true}]}}