{"id":8186,"date":"2025-01-14T12:18:31","date_gmt":"2025-01-14T12:18:31","guid":{"rendered":"https:\/\/areabadalona.com\/diario\/?p=8186"},"modified":"2025-01-14T12:18:31","modified_gmt":"2025-01-14T12:18:31","slug":"lajuntament-de-badalona-inicia-aquesta-setmana-les-obres-de-millora-a-lescola-gitanjali","status":"publish","type":"post","link":"https:\/\/areabadalona.com\/diario\/2025\/01\/14\/lajuntament-de-badalona-inicia-aquesta-setmana-les-obres-de-millora-a-lescola-gitanjali\/","title":{"rendered":"L&#8217;Ajuntament de Badalona inicia aquesta setmana les obres de millora a l\u2019escola Gitanjali"},"content":{"rendered":"\n<p>L\u2019Ajuntament de Badalona inicia aquesta setmana les obres de millora de les instal\u00b7lacions d\u2019aigua i de la climatitzaci\u00f3 de l\u2019escola Gitangali, una intervenci\u00f3 llargament esperada que suposar\u00e0 una millora significativa tant per als docents com per als estudiants. El projecte t\u00e9 un import d\u2019adjudicaci\u00f3 de 238.310 euros (IVA incl\u00f2s), i un termini d\u2019execuci\u00f3 estimat de cinc mesos.<\/p>\n\n\n\n<p>Entre les actuacions previstes destaquen la substituci\u00f3 completa de la xarxa d\u2019aigua freda sanit\u00e0ria (AFCH) i d\u2019aigua calenta sanit\u00e0ria (ACS), aix\u00ed com la renovaci\u00f3 del sistema de generaci\u00f3 de calor i climatitzaci\u00f3 de l\u2019edifici i la recuperaci\u00f3 del climatitzador existent per tal d\u2019optimitzar el seu rendiment i l\u2019efici\u00e8ncia energ\u00e8tica.<\/p>\n\n\n\n<p>La primera tinenta d\u2019alcaldia de l\u2019Ajuntament de Badalona, Cristina Ag\u00fcera, ha afirmat que \u201caquestes actuacions a l\u2019escola Gitanjali s\u00f3n una mostra del comprom\u00eds de l\u2019Ajuntament de Badalona amb la millora dels equipaments educatius de la ciutat\u201d.<\/p>\n\n\n\n<p>Cristina Ag\u00fcera ha mostrat la seva satisfacci\u00f3 que per fi es puguin tirar endavant aquestes obres. \u201cEstem molt satisfets de poder donar soluci\u00f3 per fi a les necessitats de l\u2019escola Gitanjali, perqu\u00e8 sabem que aquestes obres s\u00f3n essencials per assegurar el confort i la qualitat de l\u2019espai on els nostres infants passen bona part del seu dia a dia\u201d, ha explicat. Ag\u00fcera ha afirmat que \u201cla falta manteniment durant anys ha afectat l\u2019estat de molts equipaments esportius, culturals i educatius de la ciutat i el govern municipal est\u00e0 comen\u00e7ant a revertir ja aquesta situaci\u00f3.<\/p>\n","protected":false},"excerpt":{"rendered":"<p>L\u2019Ajuntament de Badalona inicia aquesta setmana les obres de millora de les instal\u00b7lacions d\u2019aigua i de la climatitzaci\u00f3 de l\u2019escola Gitangali, una intervenci\u00f3 llargament esperada que suposar\u00e0 una millora significativa tant per als docents com per als estudiants. El projecte t\u00e9 un import d\u2019adjudicaci\u00f3 de 238.310 euros (IVA incl\u00f2s), i un termini d\u2019execuci\u00f3 estimat de [&hellip;]<\/p>\n","protected":false},"author":2,"featured_media":8187,"comment_status":"closed","ping_status":"open","sticky":false,"template":"","format":"standard","meta":{"footnotes":""},"categories":[23],"tags":[],"class_list":{"0":"post-8186","1":"post","2":"type-post","3":"status-publish","4":"format-standard","5":"has-post-thumbnail","7":"category-actualitat"},"_links":{"self":[{"href":"https:\/\/areabadalona.com\/diario\/wp-json\/wp\/v2\/posts\/8186","targetHints":{"allow":["GET"]}}],"collection":[{"href":"https:\/\/areabadalona.com\/diario\/wp-json\/wp\/v2\/posts"}],"about":[{"href":"https:\/\/areabadalona.com\/diario\/wp-json\/wp\/v2\/types\/post"}],"author":[{"embeddable":true,"href":"https:\/\/areabadalona.com\/diario\/wp-json\/wp\/v2\/users\/2"}],"replies":[{"embeddable":true,"href":"https:\/\/areabadalona.com\/diario\/wp-json\/wp\/v2\/comments?post=8186"}],"version-history":[{"count":1,"href":"https:\/\/areabadalona.com\/diario\/wp-json\/wp\/v2\/posts\/8186\/revisions"}],"predecessor-version":[{"id":8188,"href":"https:\/\/areabadalona.com\/diario\/wp-json\/wp\/v2\/posts\/8186\/revisions\/8188"}],"wp:featuredmedia":[{"embeddable":true,"href":"https:\/\/areabadalona.com\/diario\/wp-json\/wp\/v2\/media\/8187"}],"wp:attachment":[{"href":"https:\/\/areabadalona.com\/diario\/wp-json\/wp\/v2\/media?parent=8186"}],"wp:term":[{"taxonomy":"category","embeddable":true,"href":"https:\/\/areabadalona.com\/diario\/wp-json\/wp\/v2\/categories?post=8186"},{"taxonomy":"post_tag","embeddable":true,"href":"https:\/\/areabadalona.com\/diario\/wp-json\/wp\/v2\/tags?post=8186"}],"curies":[{"name":"wp","href":"https:\/\/api.w.org\/{rel}","templated":true}]}}