{"id":8183,"date":"2025-01-10T12:05:36","date_gmt":"2025-01-10T12:05:36","guid":{"rendered":"https:\/\/areabadalona.com\/diario\/?p=8183"},"modified":"2025-01-14T12:08:43","modified_gmt":"2025-01-14T12:08:43","slug":"lajuntament-de-badalona-dona-llum-verda-al-contracte-mes-gran-de-la-seva-historia","status":"publish","type":"post","link":"https:\/\/areabadalona.com\/diario\/2025\/01\/10\/lajuntament-de-badalona-dona-llum-verda-al-contracte-mes-gran-de-la-seva-historia\/","title":{"rendered":"L\u2019Ajuntament de Badalona dona llum verda al contracte m\u00e9s gran de la seva hist\u00f2ria"},"content":{"rendered":"\n<p>L\u2019Ajuntament de Badalona iniciar\u00e0 el pr\u00f2xim divendres la licitaci\u00f3 del contracte del servei de neteja vi\u00e0ria, recollida de residus i gesti\u00f3 de deixalleries, donant aix\u00ed llum verda definitiva al contracte m\u00e9s gran de la seva hist\u00f2ria. La licitaci\u00f3 suposar\u00e0 una inversi\u00f3 de 540 milions d\u2019euros i assegurar\u00e0 un servei de qualitat a la ciutat per als pr\u00f2xims dotze anys. L\u2019alcalde de Badalona, Xavier Garcia Albiol, acompanyat del segon tinent d\u2019alcaldia de l\u2019\u00c0mbit de Territori, Daniel Gracia i el regidor de l\u2019\u00c0rea de Via P\u00fablica i Mobilitat, David Mej\u00eda, ha detallat aquest divendres els detalls del nou contracte en roda de premsa i ha explicat que \u201cmai s\u2019havien destinat tants diners en neteja a la ciutat\u201d.<\/p>\n\n\n\n<p>Garcia Albiol ha explicat que el nou contracte inclou un nou model de treball i de distribuci\u00f3 dels recursos per millorar l\u2019efici\u00e8ncia i ha remarcat que, \u201cun cop s\u2019hagi implementat totalment, el servei de neteja de Badalona es convertir\u00e0 en un referent per a les ciutats de tot Catalunya i Espanya\u201d. Per aconseguir aquests resultats, l\u2019Ajuntament de Badalona gaireb\u00e9 doblar\u00e0 la inversi\u00f3 anual en el servei, passant dels 27 milions d\u2019euros anuals que es destinen actualment a 45 milions. Aquest augment permetr\u00e0 ampliar la plantilla de treballadors del servei (de 418 a 550 efectius) i incrementar el parc m\u00f2bil de neteja, que passar\u00e0 de 73 a 130 vehicles.&nbsp; Tamb\u00e9 es desplegaran m\u00e9s contenidors a la ciutat i s\u2019habilitaran m\u00e9s ubicacions, augmentant de les 4.200 unitats actuals a 5.300. A m\u00e9s, per reduir el nombre de contenidors cremats en actes inc\u00edvics, en les zones de la ciutat on s\u2019han detectat m\u00e9s incid\u00e8ncies s\u2019instal\u00b7laran contenidors met\u00e0l\u00b7lics antiincendis.<\/p>\n\n\n\n<p>El nou contracte permetr\u00e0 incrementar un 35% la freq\u00fc\u00e8ncia de la recollida d\u2019escombraries i de la neteja dels carrers. Com a fet innovador, es far\u00e0 neteja nocturna a tots els barris de la ciutat, que inclour\u00e0 el buidatge de papereres per garantir que cada mat\u00ed els ve\u00efns troben els seus carrers nets i bones condicions. Tamb\u00e9, per optimitzar el servei, els contenidors tindran sensors que indicaran si estan plens o no, una eina que evitar\u00e0 que hi hagi desbordaments i que es far\u00e0 servir per fer les rutes de neteja din\u00e0miques, \u00e9s a dir, es modificaran en funci\u00f3 de les necessitats, prioritzant sempre l\u2019efici\u00e8ncia m\u00e9s gran possible. El nou servei tamb\u00e9 preveu la neteja di\u00e0ria de les zones industrials, la neteja amb aigua a pressi\u00f3 (baldeig) de tots els carrers de la ciutat i la neteja dels contenidors org\u00e0nics un cop a la setmana.<\/p>\n\n\n\n<p><strong>Control en temps real del servei<\/strong><\/p>\n\n\n\n<p>El segon tinent d\u2019alcaldia, Daniel Gracia, ha explicat que, donada la import\u00e0ncia, volum i l\u2019abast dels serveis, en el contracte ja es preveu un control en temps real amb l\u2019ajut d\u2019eines que permeten la localitzaci\u00f3 instant\u00e0nia de tots els vehicles i treballadors per con\u00e8ixer en qualsevol moment \u201con es troben i que s\u2019est\u00e0 fent\u201d. En aquest sentit, ha afegit, es far\u00e0 \u00fas de les noves funcionalitats que proporciona la IA (Intel\u00b7lig\u00e8ncia Artificial), de manera que es podran fer avaluacions i informes diaris per con\u00e8ixer al minut el compliment dels serveis que es porten a terme. Com a novetat, ha afegit Gracia, l\u2019adjudicatari no cobrar\u00e0 de manera autom\u00e0tica el 100%, sin\u00f3 que tindr\u00e0 un percentatge del 3% que podr\u00e0 rebr\u00e0 en funci\u00f3 del compliment d\u2019indicadors de qualitat ja establerts. Aix\u00ed mateix, per primera vegada, es preveu un r\u00e8gim sancionador, perqu\u00e8, en casos d\u2019incompliments, l\u2019Ajuntament pugui establir penalitzacions que es podrien enfilar fins al 10% de la facturaci\u00f3 anual.<\/p>\n\n\n\n<p>L\u2019alcalde de Badalona, Xavier Garcia Albiol, ha destacat la import\u00e0ncia de poder tirar endavant definitivament el contracte m\u00e9s important de la ciutat. \u201cDespr\u00e9s de quatre anys caducat, podem licitar un contacte molt complex que hem hagut de treballar des de zero, ja que quan vam entrar al Govern no hi havia ni un foli fet\u201d, ha remarcat l\u2019alcalde. \u201cLa tramitaci\u00f3 d\u2019aquest contracte era una assignatura pendent que ten\u00edem amb la ciutadania de Badalona; tot i que amb les mesures provisionals que hem aplicat durant l\u2019\u00faltim any els ve\u00efns han pogut percebre una millora, estem segurs que ara, per fi, podran gaudir del servei de qualitat que mereixen per viure dignament a tots els barris\u201d, ha afegit Garcia Albiol.<\/p>\n","protected":false},"excerpt":{"rendered":"<p>L\u2019Ajuntament de Badalona iniciar\u00e0 el pr\u00f2xim divendres la licitaci\u00f3 del contracte del servei de neteja vi\u00e0ria, recollida de residus i gesti\u00f3 de deixalleries, donant aix\u00ed llum verda definitiva al contracte m\u00e9s gran de la seva hist\u00f2ria. La licitaci\u00f3 suposar\u00e0 una inversi\u00f3 de 540 milions d\u2019euros i assegurar\u00e0 un servei de qualitat a la ciutat per [&hellip;]<\/p>\n","protected":false},"author":2,"featured_media":8184,"comment_status":"closed","ping_status":"open","sticky":false,"template":"","format":"standard","meta":{"footnotes":""},"categories":[23],"tags":[],"class_list":{"0":"post-8183","1":"post","2":"type-post","3":"status-publish","4":"format-standard","5":"has-post-thumbnail","7":"category-actualitat"},"_links":{"self":[{"href":"https:\/\/areabadalona.com\/diario\/wp-json\/wp\/v2\/posts\/8183","targetHints":{"allow":["GET"]}}],"collection":[{"href":"https:\/\/areabadalona.com\/diario\/wp-json\/wp\/v2\/posts"}],"about":[{"href":"https:\/\/areabadalona.com\/diario\/wp-json\/wp\/v2\/types\/post"}],"author":[{"embeddable":true,"href":"https:\/\/areabadalona.com\/diario\/wp-json\/wp\/v2\/users\/2"}],"replies":[{"embeddable":true,"href":"https:\/\/areabadalona.com\/diario\/wp-json\/wp\/v2\/comments?post=8183"}],"version-history":[{"count":1,"href":"https:\/\/areabadalona.com\/diario\/wp-json\/wp\/v2\/posts\/8183\/revisions"}],"predecessor-version":[{"id":8185,"href":"https:\/\/areabadalona.com\/diario\/wp-json\/wp\/v2\/posts\/8183\/revisions\/8185"}],"wp:featuredmedia":[{"embeddable":true,"href":"https:\/\/areabadalona.com\/diario\/wp-json\/wp\/v2\/media\/8184"}],"wp:attachment":[{"href":"https:\/\/areabadalona.com\/diario\/wp-json\/wp\/v2\/media?parent=8183"}],"wp:term":[{"taxonomy":"category","embeddable":true,"href":"https:\/\/areabadalona.com\/diario\/wp-json\/wp\/v2\/categories?post=8183"},{"taxonomy":"post_tag","embeddable":true,"href":"https:\/\/areabadalona.com\/diario\/wp-json\/wp\/v2\/tags?post=8183"}],"curies":[{"name":"wp","href":"https:\/\/api.w.org\/{rel}","templated":true}]}}