{"id":8176,"date":"2025-01-09T17:30:00","date_gmt":"2025-01-09T17:30:00","guid":{"rendered":"https:\/\/areabadalona.com\/diario\/?p=8176"},"modified":"2025-01-10T11:31:41","modified_gmt":"2025-01-10T11:31:41","slug":"la-guardia-urbana-de-badalona-desocupa-ledifici-de-lantiga-escola-lola-anglada","status":"publish","type":"post","link":"https:\/\/areabadalona.com\/diario\/2025\/01\/09\/la-guardia-urbana-de-badalona-desocupa-ledifici-de-lantiga-escola-lola-anglada\/","title":{"rendered":"La Gu\u00e0rdia Urbana de Badalona desocupa l\u2019edifici de l\u2019antiga escola Lola Anglada"},"content":{"rendered":"\n<p>Efectius de la Gu\u00e0rdia Urbana de Badalona, amb el suport d\u2019agents del Cos de Policia Nacional i de Mossos d\u2019Esquadra, han desocupat aquesta tarda l\u2019edifici de l\u2019antiga escola Lola Anglada, situat al n\u00famero 53 de la riera de Canyad\u00f3.<\/p>\n\n\n\n<p>En el moment de la desocupaci\u00f3 de l\u2019immoble, de propietat municipal, en aquest hi havia 16 persones, 6 de les quals han estat trasllades a comissaria: dues per presumptes delictes contra la salut p\u00fablica, per tinen\u00e7a de subst\u00e0ncies estupefaents; altres dues, amb antecedents, per infracci\u00f3 de la llei d\u2019estrangeria; i dues m\u00e9s per ser identificades i comprovar si incomplien la Llei d\u2019Estrangeria.<\/p>\n\n\n\n<p>L\u2019antic edifici d\u2019estil noucentista va ser escola des dels anys 30 del segle XX fins a l\u2019any 2014. Des de llavors el seu estat s\u2019ha anat deteriorant i ha patit episodis d\u2019ocupaci\u00f3, especialment durant els darrers mesos, amb queixes ve\u00efnals per les situacions d\u2019inseguretat i les mol\u00e8sties que ocasionaven les persones que s\u2019allotjaven..<\/p>\n\n\n\n<p>Els efectius policials han acordonat la zona poc despr\u00e9s de les 3 de la tarda i, abans d\u2019intervenir, han ofert uns minuts perqu\u00e8 els ocupants acomplissin l\u2019ordre de desallotjament. Finalment, prop de 30 agents de la Gu\u00e0rdia Urbana de Badalona, entre els quals dos equips de Grup Especial d&#8217;Intervenci\u00f3 Policial (GEIP), han tret una a una les persones que ocupaven l\u2019edifici.<\/p>\n\n\n\n<p>L\u2019alcalde de Badalona, Xavier Garc\u00eda Albiol, que ha estat present en l\u2019operatiu, ha expressat la seva satisfacci\u00f3 per poder posar punt final a l\u2019ocupaci\u00f3. \u201cEstem molt satisfets perqu\u00e8 avui hem aconseguit que els ve\u00efns de Canyad\u00f3 i de Casagemes puguin viure tranquils\u201d. \u201c\u00c9s surrealista que essent un edifici municipal, haguem trigat tants mesos a tenir l\u2019autoritzaci\u00f3 judicial per poder entrar, per\u00f2 la llei \u00e9s aix\u00ed\u201d, ha explicat, a la vegada que ha reiterat la seva intenci\u00f3 de continuar treballant per la desocupaci\u00f3 d\u2019altres edificis, tant municipals com particulars. L\u2019alcalde tamb\u00e9 ha assenyalat que la Gu\u00e0rdia Urbana de Badalona \u201cha donat un exemple de professionalitat i de capacitat per actuar en situacions complexes com la d\u2019avui\u201d.<\/p>\n\n\n\n<p>D\u2019altra banda, Xavier Garcia Albiol ha avan\u00e7at que, una vegada recuperada la propietat de l\u2019edifici, demanar\u00e0 a la Generalitat que compleixi amb el seu comprom\u00eds de rehabilitar-lo per acollir l\u2019institut La Riera. \u201cDem\u00e0 mateix comunicar\u00e9 a la Generalitat de Catalunya que hem recuperat la disponibilitat de l\u2019edifici perqu\u00e8, d\u2019una vegada per totes, assumeixi el comprom\u00eds que t\u00e9 amb Badalona, i tiri endavant les obres per fer realitat l\u2019institut La Riera\u201d, ha afirmat.<\/p>\n\n\n\n<p>Aquesta mateixa tarda s\u2019ha procedit a bloquejar les portes d\u2019acc\u00e9s per impedir una nova ocupaci\u00f3 de l\u2019edifici.<\/p>\n","protected":false},"excerpt":{"rendered":"<p>Efectius de la Gu\u00e0rdia Urbana de Badalona, amb el suport d\u2019agents del Cos de Policia Nacional i de Mossos d\u2019Esquadra, han desocupat aquesta tarda l\u2019edifici de l\u2019antiga escola Lola Anglada, situat al n\u00famero 53 de la riera de Canyad\u00f3. En el moment de la desocupaci\u00f3 de l\u2019immoble, de propietat municipal, en aquest hi havia 16 [&hellip;]<\/p>\n","protected":false},"author":2,"featured_media":8177,"comment_status":"closed","ping_status":"open","sticky":false,"template":"","format":"standard","meta":{"footnotes":""},"categories":[23],"tags":[],"class_list":{"0":"post-8176","1":"post","2":"type-post","3":"status-publish","4":"format-standard","5":"has-post-thumbnail","7":"category-actualitat"},"_links":{"self":[{"href":"https:\/\/areabadalona.com\/diario\/wp-json\/wp\/v2\/posts\/8176","targetHints":{"allow":["GET"]}}],"collection":[{"href":"https:\/\/areabadalona.com\/diario\/wp-json\/wp\/v2\/posts"}],"about":[{"href":"https:\/\/areabadalona.com\/diario\/wp-json\/wp\/v2\/types\/post"}],"author":[{"embeddable":true,"href":"https:\/\/areabadalona.com\/diario\/wp-json\/wp\/v2\/users\/2"}],"replies":[{"embeddable":true,"href":"https:\/\/areabadalona.com\/diario\/wp-json\/wp\/v2\/comments?post=8176"}],"version-history":[{"count":1,"href":"https:\/\/areabadalona.com\/diario\/wp-json\/wp\/v2\/posts\/8176\/revisions"}],"predecessor-version":[{"id":8178,"href":"https:\/\/areabadalona.com\/diario\/wp-json\/wp\/v2\/posts\/8176\/revisions\/8178"}],"wp:featuredmedia":[{"embeddable":true,"href":"https:\/\/areabadalona.com\/diario\/wp-json\/wp\/v2\/media\/8177"}],"wp:attachment":[{"href":"https:\/\/areabadalona.com\/diario\/wp-json\/wp\/v2\/media?parent=8176"}],"wp:term":[{"taxonomy":"category","embeddable":true,"href":"https:\/\/areabadalona.com\/diario\/wp-json\/wp\/v2\/categories?post=8176"},{"taxonomy":"post_tag","embeddable":true,"href":"https:\/\/areabadalona.com\/diario\/wp-json\/wp\/v2\/tags?post=8176"}],"curies":[{"name":"wp","href":"https:\/\/api.w.org\/{rel}","templated":true}]}}