{"id":8173,"date":"2025-01-10T10:55:17","date_gmt":"2025-01-10T10:55:17","guid":{"rendered":"https:\/\/areabadalona.com\/diario\/?p=8173"},"modified":"2025-01-10T10:55:18","modified_gmt":"2025-01-10T10:55:18","slug":"badalona-se-suma-a-la-marato-de-donacions-de-sang-per-restablir-les-reserves-despres-de-les-festes-de-nadal","status":"publish","type":"post","link":"https:\/\/areabadalona.com\/diario\/2025\/01\/10\/badalona-se-suma-a-la-marato-de-donacions-de-sang-per-restablir-les-reserves-despres-de-les-festes-de-nadal\/","title":{"rendered":"Badalona se suma a la Marat\u00f3 de donacions de sang per restablir les reserves despr\u00e9s de les festes de Nadal"},"content":{"rendered":"\n<p>El Banc de Sang i Teixits (BST) ha posat en marxa avui la Marat\u00f3 de Donants de Sang de Catalunya, una setmana durant la qual es proposa aconseguir remuntar les donacions i restablir les reserves de sang que s\u2019han vist afectades per les festes de Nadal. Badalona comptar\u00e0 amb un punt fix de donaci\u00f3, sense cita pr\u00e8via, ubicat a l&#8217;Hospital Germans Trias i Pujol, i es faran jornades de donaci\u00f3 el dia 15 a la pla\u00e7a dels Pa\u00efsos Catalans i el dia 17 a l\u2019escola Joan Coret.<\/p>\n\n\n\n<p>La Marat\u00f3 d\u2019enguany t\u00e9 el lema \u201cSom el que fem\u201d i recorda que donar sang \u00e9s un gest que ens defineix com a persones i com a col\u00b7lectiu i societat. La Marat\u00f3 recull l\u2019esperit solidari i interpel\u00b7la els ciutadans a fer el pas necessari per a participar d\u2019aquest comprom\u00eds col\u00b7lectiu de salvar vides.<\/p>\n\n\n\n<p>Cada donaci\u00f3 de sang \u00e9s un acte de vida perqu\u00e8 amb nom\u00e9s 20 minuts es pot contribuir a salvar fins a tres vides.<\/p>\n\n\n\n<p><strong>Calen m\u00e9s de 260.000 donacions l\u2019any<\/strong><\/p>\n\n\n\n<p>Aquest 2025 m\u00e9s de 70.000 persones ingressades als centres hospitalaris de Catalunya necessitaran alguna transfusi\u00f3 de sang, plasma o plaquetes provinents de la donaci\u00f3 de sang. La veritat \u00e9s que aquest any caldran m\u00e9s de 240.000 donacions per a cobrir aquestes necessitats dels pacients, una xifra que es mant\u00e9 estable els darrers anys, per\u00f2 que no vol dir que es pugui abaixar la gu\u00e0rdia.<\/p>\n\n\n\n<p>De l\u201911 al 19 de gener s\u2019espera que al voltant de 10.000 persones vinguin a donar als principals hospitals catalans, i a les campanyes de donaci\u00f3 de sang i plasma en 107 municipis d\u2019arreu del territori.<\/p>\n\n\n\n<p>Badalona s\u2019afegeix a la primera Marat\u00f3 de Sang amb les jornades seg\u00fcents:<\/p>\n\n\n\n<p><strong>Dimecres 15 de gener<\/strong><\/p>\n\n\n\n<p>Unitat m\u00f2bil a la pla\u00e7a dels Pa\u00efsos Catalans (barri el Progr\u00e9s). De 16 a 20 hores.<\/p>\n\n\n\n<p><strong>Divendres 17 de gener<\/strong><\/p>\n\n\n\n<p>Escola Joan Coret. Pla\u00e7a dels Voluntaris Ol\u00edmpics, 3 (barri de Montigal\u00e0). De 16 a 20 hores.<\/p>\n\n\n\n<p><strong>Jornades de donaci\u00f3<\/strong><\/p>\n\n\n\n<p>Durant aquest mes de gener tamb\u00e9 tindran lloc les jornades de donaci\u00f3 seg\u00fcents:<\/p>\n\n\n\n<p><strong>Diumenge 19 de gener<\/strong><\/p>\n\n\n\n<p>Pla\u00e7a de La Plana 10.00 a 14.00 hores.<\/p>\n\n\n\n<p><strong>Dijous 23 de gener<\/strong><\/p>\n\n\n\n<p>Escoles Minguella, de 10.00 a 20.00 hores.<\/p>\n\n\n\n<p><strong>Dimecres 29 de gener<\/strong><\/p>\n\n\n\n<p>Pla\u00e7a Pa\u00efsos Catalans (unitat m\u00f2bil) de 16.00 a 20.00 hores.<\/p>\n\n\n\n<p><strong>Dijous 30 de gener<\/strong><\/p>\n\n\n\n<p>Escola Bet\u00falia de 16.00 a 20.00 hores.<\/p>\n\n\n\n<p><strong>Divendres 31 de gener<\/strong><\/p>\n\n\n\n<p>Centre Comercial Montigal\u00e0 (unitat m\u00f2bil) de 16.00 a 20.00 hores.<\/p>\n\n\n\n<p>Qualsevol persona que es trobi b\u00e9 de salut, que tingui entre 18 i 70 anys i pesi m\u00e9s de 50 quilos, pot ser donant de sang. Entre donaci\u00f3 i donaci\u00f3 ha de passar un m\u00ednim de dos mesos. Podeu consultar les pr\u00f2ximes jornades de donaci\u00f3 a Badalona i fer la reserva a l\u2019enlla\u00e7 seg\u00fcent:<\/p>\n\n\n\n<p><a href=\"https:\/\/www.bancsang.net\/ca\/donacions\/sang\/on\/cercar\/?poblacio=badalona\">https:\/\/www.bancsang.net\/ca\/donacions\/sang\/on\/cercar\/?poblacio=badalona<\/a><\/p>\n\n\n\n<p>Del total de transfusions que es fan di\u00e0riament a Catalunya, el grup que requereix m\u00e9s transfusions de sang actualment \u00e9s el de les neopl\u00e0sies, un 34%, seguit de les de l\u2019aparell digestiu, un 15,5% i, en tercer lloc, hi ha el de les malalties cardiovasculars, que suposen un 12,3% del total. Les patologies cr\u00f2niques lligades a l\u2019augment de l\u2019esperan\u00e7a de vida s\u00f3n les que requeriran m\u00e9s transfusions de sang en el futur.<\/p>\n\n\n\n<p>De fet, l\u2019edat mitjana dels pacients que reben sang ha augmentat en la darrera d\u00e8cada i se situa ja pels volts dels 73 anys. Aquest grup de pacients de m\u00e9s de 70 anys representa el gruix majoritari dels receptors de sang (un 56,6%). L\u2019altre grup d\u2019edat m\u00e9s important i el que m\u00e9s ha crescut \u00e9s el dels pacients de 80 anys en endavant, que representa el 32% dels transfosos.<\/p>\n\n\n\n<p><strong>M\u00e9s de 50 edificis emblem\u00e0tics s\u2019il\u00b7luminaran de vermell<\/strong><\/p>\n\n\n\n<p>Aquesta \u00e9s una tradici\u00f3 que havia comen\u00e7at t\u00edmidament anys enrere, per\u00f2 que en aquesta Marat\u00f3 es consolida i pren for\u00e7a com a activitat essencial i aparador de crida a sumar-se a la gran setmana de donaci\u00f3 de sang catalana.<\/p>\n\n\n\n<p>Aix\u00ed, el dissabte dia 11 quan el sol es pongui, un bon nombre d\u2019edificis emblem\u00e0tics de Barcelona, per\u00f2 tamb\u00e9 de molts municipis d\u2019arreu de Catalunya, ompliran de llum vermella les seves fa\u00e7anes i se sumaran aix\u00ed a la campanya de donaci\u00f3 de sang. Edificis com el Palau de la Generalitat, l\u2019Ajuntament de Barcelona, el Teatre Nacional de Catalunya, el Tibidabo, la Torre Agbar o la Universitat de Barcelona, en s\u00f3n els principals exemples. A Badalona s\u2019il\u00b7luminar\u00e0 la fa\u00e7ana de l&#8217;edifici de capitania del Port el mateix dissabte 11 de gener.&nbsp;<\/p>\n\n\n\n<p><strong>Informaci\u00f3 relacionada<\/strong><\/p>\n\n\n\n<p>Per a qu\u00e8 es fa servir la sang?<\/p>\n\n\n\n<p><a href=\"https:\/\/www.bancsang.net\/blog\/que-servir-sang\">https:\/\/www.bancsang.net\/blog\/que-servir-sang<\/a><\/p>\n\n\n\n<p>Testimonis de persones que han necessitat sang:<\/p>\n\n\n\n<p><a href=\"https:\/\/www.moltesgracies.net\">https:\/\/www.moltesgracies.net<\/a><\/p>\n\n\n\n<p>Investigaci\u00f3 amb gl\u00f2buls vermells<\/p>\n\n\n\n<p><a href=\"https:\/\/www.bancsang.net\/ca\/noticies\/7406\/generem-linies-de-cellules-que-son-lavantsala-per-obtenir-globuls-vermells-al-laboratori\">Investiguem per obtenir gl\u00f2buls vermells de laboratori<\/a><\/p>\n\n\n\n<p>Els grups sanguinis: Descobrim el que podria ser un nou grup sanguini poc freq\u00fcent:<\/p>\n\n\n\n<p><a href=\"https:\/\/www.bancsang.net\/blog\/descobrim-el-que-podria-ser-un-nou-grup-sanguini-poc-frequent\">https:\/\/www.bancsang.net\/blog\/descobrim-el-que-podria-ser-un-nou-grup-sanguini-poc-frequent<\/a><\/p>\n\n\n\n<p>Quins s\u00f3n els grups sanguinis m\u00e9s freq\u00fcents<\/p>\n\n\n\n<p><a href=\"https:\/\/www.bancsang.net\/ca\/noticies\/6087\/descobreix-quins-son-els-grups-sanguinis-mes-frequents\">https:\/\/www.bancsang.net\/ca\/noticies\/6087\/descobreix-quins-son-els-grups-sanguinis-mes-frequents<\/a><\/p>\n","protected":false},"excerpt":{"rendered":"<p>El Banc de Sang i Teixits (BST) ha posat en marxa avui la Marat\u00f3 de Donants de Sang de Catalunya, una setmana durant la qual es proposa aconseguir remuntar les donacions i restablir les reserves de sang que s\u2019han vist afectades per les festes de Nadal. Badalona comptar\u00e0 amb un punt fix de donaci\u00f3, sense [&hellip;]<\/p>\n","protected":false},"author":2,"featured_media":8174,"comment_status":"closed","ping_status":"open","sticky":false,"template":"","format":"standard","meta":{"footnotes":""},"categories":[23],"tags":[],"class_list":{"0":"post-8173","1":"post","2":"type-post","3":"status-publish","4":"format-standard","5":"has-post-thumbnail","7":"category-actualitat"},"_links":{"self":[{"href":"https:\/\/areabadalona.com\/diario\/wp-json\/wp\/v2\/posts\/8173","targetHints":{"allow":["GET"]}}],"collection":[{"href":"https:\/\/areabadalona.com\/diario\/wp-json\/wp\/v2\/posts"}],"about":[{"href":"https:\/\/areabadalona.com\/diario\/wp-json\/wp\/v2\/types\/post"}],"author":[{"embeddable":true,"href":"https:\/\/areabadalona.com\/diario\/wp-json\/wp\/v2\/users\/2"}],"replies":[{"embeddable":true,"href":"https:\/\/areabadalona.com\/diario\/wp-json\/wp\/v2\/comments?post=8173"}],"version-history":[{"count":1,"href":"https:\/\/areabadalona.com\/diario\/wp-json\/wp\/v2\/posts\/8173\/revisions"}],"predecessor-version":[{"id":8175,"href":"https:\/\/areabadalona.com\/diario\/wp-json\/wp\/v2\/posts\/8173\/revisions\/8175"}],"wp:featuredmedia":[{"embeddable":true,"href":"https:\/\/areabadalona.com\/diario\/wp-json\/wp\/v2\/media\/8174"}],"wp:attachment":[{"href":"https:\/\/areabadalona.com\/diario\/wp-json\/wp\/v2\/media?parent=8173"}],"wp:term":[{"taxonomy":"category","embeddable":true,"href":"https:\/\/areabadalona.com\/diario\/wp-json\/wp\/v2\/categories?post=8173"},{"taxonomy":"post_tag","embeddable":true,"href":"https:\/\/areabadalona.com\/diario\/wp-json\/wp\/v2\/tags?post=8173"}],"curies":[{"name":"wp","href":"https:\/\/api.w.org\/{rel}","templated":true}]}}