{"id":8165,"date":"2025-01-08T12:17:26","date_gmt":"2025-01-08T12:17:26","guid":{"rendered":"https:\/\/areabadalona.com\/diario\/?p=8165"},"modified":"2025-01-08T12:17:26","modified_gmt":"2025-01-08T12:17:26","slug":"lajuntament-de-badalona-tornara-a-tenir-contracte-de-neteja-dedificis-municipals-despres-de-12-anys","status":"publish","type":"post","link":"https:\/\/areabadalona.com\/diario\/2025\/01\/08\/lajuntament-de-badalona-tornara-a-tenir-contracte-de-neteja-dedificis-municipals-despres-de-12-anys\/","title":{"rendered":"L\u2019Ajuntament de Badalona tornar\u00e0 a tenir contracte de neteja d\u2019edificis municipals despr\u00e9s de 12 anys"},"content":{"rendered":"\n<p>L\u2019Ajuntament de Badalona tornar\u00e0 a tenir contracte vigent per al servei de neteja d\u2019edificis de titularitat municipal despr\u00e9s d\u2019un per\u00edode de 12 anys en qu\u00e8 aquest servei s\u2019ha estat prestant sense contracte. Avui el contacte ha passat per la comissi\u00f3 informativa de l\u2019\u00c0mbit d\u2019Impuls Econ\u00f2mic i de Ciutat, Treball, Cultura, Ciutadania i Govern i s\u2019aprovar\u00e0 de forma definitiva aquest divendres en la Junta de Govern Local. Un cop que aquest \u00f2rgan municipal aprovi l\u2019expedient de contractaci\u00f3 s\u2019iniciar\u00e0 la licitaci\u00f3 del nou contracte, que tindr\u00e0 un valor estimat de 43,5 milions d\u2019euros (sense IVA) i una durada de 3 anys amb opci\u00f3 de prorrogar-se un any m\u00e9s.<\/p>\n\n\n\n<p>L\u2019any 2015, amb govern de Xavier Garcia Albiol, ja es va intentar adjudicar aquest contracte, per\u00f2 l\u2019empresa que va guanyar la licitaci\u00f3 va resultar no ser solvent i es va desestimar. No va ser fins al 2020 quan, novament amb govern de Garcia Albiol, es va reactivar la seva tramitaci\u00f3, tot i que va quedar aturada el novembre del 2021, despr\u00e9s de la moci\u00f3 de censura. Ara, el Govern municipal ja ha fet tots els treballs necessaris perqu\u00e8 el segon contracte m\u00e9s gran de tot l\u2019Ajuntament sigui una realitat.<\/p>\n\n\n\n<p>L\u2019alcalde de Badalona, Xavier Garcia Albiol, ha mostrat la seva satisfacci\u00f3. \u201cLa majoria absoluta que ens van atorgar els badalonins ens ha perm\u00e8s treballar sense obstacles pol\u00edtics per tirar endavant un contracte que s\u2019ha prestat durant 12 anys de manera an\u00f2mala i que acaba repercutint en un servei insatisfactori per a la ciutat\u201d, ha afirmat.<\/p>\n\n\n\n<p>El nou contracte donar\u00e0 servei a 121 edificis municipals. L\u2019expedient de contractaci\u00f3 es dividir\u00e0 en 3 lots i inclour\u00e0 criteris d\u2019adjudicaci\u00f3 i d\u2019execuci\u00f3 socials i mediambientals. En aquest sentit, en el lot 1 i 2 (que correspon a la majoria d\u2019equipaments administratius municipals i les instal\u00b7lacions esportives i pistes), amb la finalitat de reduir l\u2019impacte mediambiental els materials i productes emprats per a la neteja seran exempts de subst\u00e0ncies nocives per al medi ambient i la salut. I en el lot 3, corresponent al servei de neteja de l\u2019SBASS 4 i Can Bosc\u00e0, el servei ser\u00e0 reservat a centres especials de treball d\u2019iniciativa social, amb la finalitat de promoure l\u2019ocupaci\u00f3 de persones amb dificultats especials d\u2019inserci\u00f3 en el mercat laboral.<\/p>\n\n\n\n<p>\u201cAquest any 2025 ja estem desencallant els grans contractes de l\u2019Ajuntament que quan vam arribar ens vam trobar caducats i que, sens dubte, amb la seva entrada en vigor transformaran la ciutat\u201d, assegura l\u2019alcalde de Badalona. \u201cUna ciutat com Badalona ha de tenir uns serveis a l\u2019altura perqu\u00e8 tots els ve\u00efns, de tots els barris, se sentin orgullosos de la seva ciutat\u201d, ha concl\u00f2s Garcia Albiol.<\/p>\n","protected":false},"excerpt":{"rendered":"<p>L\u2019Ajuntament de Badalona tornar\u00e0 a tenir contracte vigent per al servei de neteja d\u2019edificis de titularitat municipal despr\u00e9s d\u2019un per\u00edode de 12 anys en qu\u00e8 aquest servei s\u2019ha estat prestant sense contracte. Avui el contacte ha passat per la comissi\u00f3 informativa de l\u2019\u00c0mbit d\u2019Impuls Econ\u00f2mic i de Ciutat, Treball, Cultura, Ciutadania i Govern i s\u2019aprovar\u00e0 [&hellip;]<\/p>\n","protected":false},"author":2,"featured_media":6820,"comment_status":"closed","ping_status":"open","sticky":false,"template":"","format":"standard","meta":{"footnotes":""},"categories":[23],"tags":[],"class_list":{"0":"post-8165","1":"post","2":"type-post","3":"status-publish","4":"format-standard","5":"has-post-thumbnail","7":"category-actualitat"},"_links":{"self":[{"href":"https:\/\/areabadalona.com\/diario\/wp-json\/wp\/v2\/posts\/8165","targetHints":{"allow":["GET"]}}],"collection":[{"href":"https:\/\/areabadalona.com\/diario\/wp-json\/wp\/v2\/posts"}],"about":[{"href":"https:\/\/areabadalona.com\/diario\/wp-json\/wp\/v2\/types\/post"}],"author":[{"embeddable":true,"href":"https:\/\/areabadalona.com\/diario\/wp-json\/wp\/v2\/users\/2"}],"replies":[{"embeddable":true,"href":"https:\/\/areabadalona.com\/diario\/wp-json\/wp\/v2\/comments?post=8165"}],"version-history":[{"count":1,"href":"https:\/\/areabadalona.com\/diario\/wp-json\/wp\/v2\/posts\/8165\/revisions"}],"predecessor-version":[{"id":8166,"href":"https:\/\/areabadalona.com\/diario\/wp-json\/wp\/v2\/posts\/8165\/revisions\/8166"}],"wp:featuredmedia":[{"embeddable":true,"href":"https:\/\/areabadalona.com\/diario\/wp-json\/wp\/v2\/media\/6820"}],"wp:attachment":[{"href":"https:\/\/areabadalona.com\/diario\/wp-json\/wp\/v2\/media?parent=8165"}],"wp:term":[{"taxonomy":"category","embeddable":true,"href":"https:\/\/areabadalona.com\/diario\/wp-json\/wp\/v2\/categories?post=8165"},{"taxonomy":"post_tag","embeddable":true,"href":"https:\/\/areabadalona.com\/diario\/wp-json\/wp\/v2\/tags?post=8165"}],"curies":[{"name":"wp","href":"https:\/\/api.w.org\/{rel}","templated":true}]}}