{"id":8162,"date":"2025-01-03T12:14:24","date_gmt":"2025-01-03T12:14:24","guid":{"rendered":"https:\/\/areabadalona.com\/diario\/?p=8162"},"modified":"2025-01-03T12:14:25","modified_gmt":"2025-01-03T12:14:25","slug":"lajuntament-de-badalona-posa-en-marxa-el-proxim-dimarts-7-de-gener-el-programa-estudiem-de-nit","status":"publish","type":"post","link":"https:\/\/areabadalona.com\/diario\/2025\/01\/03\/lajuntament-de-badalona-posa-en-marxa-el-proxim-dimarts-7-de-gener-el-programa-estudiem-de-nit\/","title":{"rendered":"L\u2019Ajuntament de Badalona posa en marxa el pr\u00f2xim dimarts 7 de gener el programa \u2018Estudiem de Nit\u2019"},"content":{"rendered":"\n<p>L\u2019Ajuntament de Badalona, a trav\u00e9s del Departament de Joventut, torna a posar en marxa des del dimarts 7 de gener i fins al dijous 6 de febrer el programa \u2018Estudiem de Nit\u2019, una iniciativa que facilita al jovent la possibilitat d\u2019estudiar en horari nocturn en \u00e8poques d\u2019ex\u00e0mens.<\/p>\n\n\n\n<p>Coincidint amb les setmanes pr\u00e8vies a les avaluacions, el programa afavoreix que els joves que actualment estan estudiant, aix\u00ed com aquelles persones que combinen feina i estudis, tinguin la possibilitat de fer-ho de nit a la Biblioteca Canyad\u00f3 i Casagemes &#8211; Joan Argent\u00e9.<\/p>\n\n\n\n<p>Els horaris ampliats s\u00f3n els seg\u00fcents:<\/p>\n\n\n\n<p><strong>Biblioteca Canyad\u00f3 i Casagemes &#8211; Joan Argent\u00e9<\/strong><\/p>\n\n\n\n<p>Carrer de Jacinto Benavente, 3<\/p>\n\n\n\n<p>De dilluns a dijous, de 20.30 a 0.30 hores.<\/p>\n","protected":false},"excerpt":{"rendered":"<p>L\u2019Ajuntament de Badalona, a trav\u00e9s del Departament de Joventut, torna a posar en marxa des del dimarts 7 de gener i fins al dijous 6 de febrer el programa \u2018Estudiem de Nit\u2019, una iniciativa que facilita al jovent la possibilitat d\u2019estudiar en horari nocturn en \u00e8poques d\u2019ex\u00e0mens. Coincidint amb les setmanes pr\u00e8vies a les avaluacions, [&hellip;]<\/p>\n","protected":false},"author":2,"featured_media":8163,"comment_status":"closed","ping_status":"open","sticky":false,"template":"","format":"standard","meta":{"footnotes":""},"categories":[23],"tags":[],"class_list":{"0":"post-8162","1":"post","2":"type-post","3":"status-publish","4":"format-standard","5":"has-post-thumbnail","7":"category-actualitat"},"_links":{"self":[{"href":"https:\/\/areabadalona.com\/diario\/wp-json\/wp\/v2\/posts\/8162","targetHints":{"allow":["GET"]}}],"collection":[{"href":"https:\/\/areabadalona.com\/diario\/wp-json\/wp\/v2\/posts"}],"about":[{"href":"https:\/\/areabadalona.com\/diario\/wp-json\/wp\/v2\/types\/post"}],"author":[{"embeddable":true,"href":"https:\/\/areabadalona.com\/diario\/wp-json\/wp\/v2\/users\/2"}],"replies":[{"embeddable":true,"href":"https:\/\/areabadalona.com\/diario\/wp-json\/wp\/v2\/comments?post=8162"}],"version-history":[{"count":1,"href":"https:\/\/areabadalona.com\/diario\/wp-json\/wp\/v2\/posts\/8162\/revisions"}],"predecessor-version":[{"id":8164,"href":"https:\/\/areabadalona.com\/diario\/wp-json\/wp\/v2\/posts\/8162\/revisions\/8164"}],"wp:featuredmedia":[{"embeddable":true,"href":"https:\/\/areabadalona.com\/diario\/wp-json\/wp\/v2\/media\/8163"}],"wp:attachment":[{"href":"https:\/\/areabadalona.com\/diario\/wp-json\/wp\/v2\/media?parent=8162"}],"wp:term":[{"taxonomy":"category","embeddable":true,"href":"https:\/\/areabadalona.com\/diario\/wp-json\/wp\/v2\/categories?post=8162"},{"taxonomy":"post_tag","embeddable":true,"href":"https:\/\/areabadalona.com\/diario\/wp-json\/wp\/v2\/tags?post=8162"}],"curies":[{"name":"wp","href":"https:\/\/api.w.org\/{rel}","templated":true}]}}