{"id":8159,"date":"2025-01-03T12:12:57","date_gmt":"2025-01-03T12:12:57","guid":{"rendered":"https:\/\/areabadalona.com\/diario\/?p=8159"},"modified":"2025-01-03T12:12:58","modified_gmt":"2025-01-03T12:12:58","slug":"lajuntament-instal%c2%b7lara-15-punts-especials-per-a-la-recollida-darbres-de-nadal","status":"publish","type":"post","link":"https:\/\/areabadalona.com\/diario\/2025\/01\/03\/lajuntament-instal%c2%b7lara-15-punts-especials-per-a-la-recollida-darbres-de-nadal\/","title":{"rendered":"L\u2019Ajuntament instal\u00b7lar\u00e0 15 punts especials per a la recollida d\u2019arbres de Nadal"},"content":{"rendered":"\n<p>L\u2019Ajuntament de Badalona instal\u00b7lar\u00e0 un total de 15 punts especials, repartits per tota la ciutat, per tal de recollir els arbres de Nadal naturals un cop acabades les festes de Nadal. La campanya de recollida dels avets tindr\u00e0 lloc des del dia 5 fins al 17 de gener de 2025. A m\u00e9s, els arbres de Nadal tamb\u00e9 es poden portar a les dues deixalleries municipals situades als barris de Pomar i del Gorg.<\/p>\n\n\n\n<p>Els avets que serveixen d\u2019arbres de Nadal, un cop ha complert la seva funci\u00f3 de guarniment nadalenc, no s\u00f3n un residu qualsevol. Fins i tot si estan morts, no es poden llen\u00e7ar amb la resta de la brossa, ni tan sols amb els residus org\u00e0nics.<\/p>\n\n\n\n<p><strong>Qu\u00e8 fer amb els arbres naturals de Nadal?<\/strong><\/p>\n\n\n\n<p>A partir del diumenge 5 de gener, i fins al 17 de gener, el ve\u00efnat de Badalona pot dipositar els arbres de Nadal als llocs habilitats o a una de les dues deixalleries de la ciutat. Els arbres s\u2019han de dipositar sense cap mena de guarniment artificial, ni tampoc, si \u00e9s el cas, amb els tests que els han servit de base.<\/p>\n\n\n\n<p><strong>Distribuci\u00f3 dels punts especials de recollida<\/strong><\/p>\n\n\n\n<p>Els 15 punts especials per a la recollida dels arbres de Nadal estaran situats a:<\/p>\n\n\n\n<ul class=\"wp-block-list\">\n<li>Pla\u00e7a de la Plana<\/li>\n\n\n\n<li>Carrer d\u2019Olof Palme<\/li>\n\n\n\n<li>Pla\u00e7a de Pep Ventura<\/li>\n\n\n\n<li>Centre C\u00edvic Torre Mena<\/li>\n\n\n\n<li>Centre C\u00edvic La Colina<\/li>\n\n\n\n<li>Centre C\u00edvic Can Cabanyes<\/li>\n\n\n\n<li>Antigues Galeries Bufal\u00e0 (Av. Bufal\u00e0, 46-48)<\/li>\n\n\n\n<li>Avinguda d\u2019Alfons, XIII (Creu Roja)<\/li>\n\n\n\n<li>Pla\u00e7a de la Pipa<\/li>\n\n\n\n<li>Mercat Municipal La Salut<\/li>\n\n\n\n<li>Mercat Municipal Sant Roc<\/li>\n\n\n\n<li>Mercat Municipal Llefi\u00e0<\/li>\n\n\n\n<li>Mercat Municipal de Torner<\/li>\n\n\n\n<li>Mercat Municipal Maignon<\/li>\n\n\n\n<li>Mercat Municipal Morera-Pomar<\/li>\n<\/ul>\n\n\n\n<p><strong>Deixalleries<\/strong><\/p>\n\n\n\n<p>Els arbres tamb\u00e9 es poden dipositar a:<\/p>\n\n\n\n<ul class=\"wp-block-list\">\n<li><strong>Deixalleria de Pomar<\/strong><\/li>\n\n\n\n<li>Avinguda de la Cerdanya, s\/n (entre Mol\u00ed de la Torre i Joan d&#8217;\u00c0ustria) de dilluns a dissabte: de 8.30 a 14 hores i de 15.30 a 20 hores. Diumenges i festius: de 10 a 14 hores.<\/li>\n\n\n\n<li><strong>Deixalleria Gorg<\/strong><\/li>\n\n\n\n<li>Carrer de Guifr\u00e9, 680 (cantonada Juli Galv\u00e9 Brusson) de dilluns a divendres: de 8.30 a 14 hores i de 15.30 a 20 hores.<\/li>\n<\/ul>\n","protected":false},"excerpt":{"rendered":"<p>L\u2019Ajuntament de Badalona instal\u00b7lar\u00e0 un total de 15 punts especials, repartits per tota la ciutat, per tal de recollir els arbres de Nadal naturals un cop acabades les festes de Nadal. La campanya de recollida dels avets tindr\u00e0 lloc des del dia 5 fins al 17 de gener de 2025. A m\u00e9s, els arbres de [&hellip;]<\/p>\n","protected":false},"author":2,"featured_media":8160,"comment_status":"closed","ping_status":"open","sticky":false,"template":"","format":"standard","meta":{"footnotes":""},"categories":[23],"tags":[],"class_list":{"0":"post-8159","1":"post","2":"type-post","3":"status-publish","4":"format-standard","5":"has-post-thumbnail","7":"category-actualitat"},"_links":{"self":[{"href":"https:\/\/areabadalona.com\/diario\/wp-json\/wp\/v2\/posts\/8159","targetHints":{"allow":["GET"]}}],"collection":[{"href":"https:\/\/areabadalona.com\/diario\/wp-json\/wp\/v2\/posts"}],"about":[{"href":"https:\/\/areabadalona.com\/diario\/wp-json\/wp\/v2\/types\/post"}],"author":[{"embeddable":true,"href":"https:\/\/areabadalona.com\/diario\/wp-json\/wp\/v2\/users\/2"}],"replies":[{"embeddable":true,"href":"https:\/\/areabadalona.com\/diario\/wp-json\/wp\/v2\/comments?post=8159"}],"version-history":[{"count":1,"href":"https:\/\/areabadalona.com\/diario\/wp-json\/wp\/v2\/posts\/8159\/revisions"}],"predecessor-version":[{"id":8161,"href":"https:\/\/areabadalona.com\/diario\/wp-json\/wp\/v2\/posts\/8159\/revisions\/8161"}],"wp:featuredmedia":[{"embeddable":true,"href":"https:\/\/areabadalona.com\/diario\/wp-json\/wp\/v2\/media\/8160"}],"wp:attachment":[{"href":"https:\/\/areabadalona.com\/diario\/wp-json\/wp\/v2\/media?parent=8159"}],"wp:term":[{"taxonomy":"category","embeddable":true,"href":"https:\/\/areabadalona.com\/diario\/wp-json\/wp\/v2\/categories?post=8159"},{"taxonomy":"post_tag","embeddable":true,"href":"https:\/\/areabadalona.com\/diario\/wp-json\/wp\/v2\/tags?post=8159"}],"curies":[{"name":"wp","href":"https:\/\/api.w.org\/{rel}","templated":true}]}}