{"id":8140,"date":"2024-12-20T11:32:31","date_gmt":"2024-12-20T11:32:31","guid":{"rendered":"https:\/\/areabadalona.com\/diario\/?p=8140"},"modified":"2024-12-20T11:32:32","modified_gmt":"2024-12-20T11:32:32","slug":"badalona-construira-tres-diposits-de-retencio-daigues-pluvials-fonamentals-per-evitar-labocament-daigues-residuals-a-les-platges-en-episodis-de-fortes-pluges","status":"publish","type":"post","link":"https:\/\/areabadalona.com\/diario\/2024\/12\/20\/badalona-construira-tres-diposits-de-retencio-daigues-pluvials-fonamentals-per-evitar-labocament-daigues-residuals-a-les-platges-en-episodis-de-fortes-pluges\/","title":{"rendered":"Badalona construir\u00e0 tres dip\u00f2sits de retenci\u00f3 d\u2019aig\u00fces pluvials fonamentals per evitar l\u2019abocament d\u2019aig\u00fces residuals a les platges en episodis de fortes pluges"},"content":{"rendered":"\n<p>L\u2019Ajuntament de Badalona i l\u2019\u00c0rea Metropolitana de Barcelona (AMB) han signat avui un conveni de col\u00b7laboraci\u00f3 per finan\u00e7ar i coordinar la redacci\u00f3 dels estudis previs i els projectes necessaris per a la construcci\u00f3 de tres dip\u00f2sits soterranis de retenci\u00f3 d\u2019aig\u00fces pluvials a la ciutat. &nbsp;L\u2019acte ha comptat amb la pres\u00e8ncia de l\u2019alcalde de Badalona, Xavier Garcia Albiol, i el vicepresident executiu de l\u2019AMB, Antonio Balm\u00f3n, aix\u00ed com del segon tinent d\u2019alcaldia i regidor de Territori, Daniel Gracia i la vicepresidenta de l&#8217;\u00c0rea de Cicle de l&#8217;Aigua i An\u00e0lisis de Pol\u00edtiques Metropolitanes de l&#8217;AMB, Bel\u00e9n Garc\u00eda Criado.<\/p>\n\n\n\n<p>La finalitat de la construcci\u00f3 d\u2019aquests dip\u00f2sits \u00e9s poder contenir, en casos d\u2019episodis de fortes pluges, el volum de les aig\u00fces que discorren pel clavegueram, on es barregen les aig\u00fces pluvials i les residuals, evitar el seu desbordament, les inundacions de les vies p\u00fabliques i l\u2019abocament de les aig\u00fces residuals a les platges, a trav\u00e9s dels sobreeixidors del col\u00b7lector de Llevant.<\/p>\n\n\n\n<p>Els tres dip\u00f2sits previstos es projecten en els seg\u00fcents punts: Mart\u00ed Pujol &#8211; Can Barriga, Alfons XIII i Prim. Les ubicacions estan seleccionades estrat\u00e8gicament per cobrir les necessitats espec\u00edfiques de les diferents zones de Badalona.<\/p>\n\n\n\n<p>El dip\u00f2sit de Mart\u00ed Pujol &#8211; Can Barriga regular\u00e0 la conca de Mart\u00ed Pujol, reduint aix\u00ed el risc d\u2019inundacions urbanes en una \u00e0rea de 523 hect\u00e0rees. Estar\u00e0 situat al barri de Bufal\u00e0, al parc de Can Barriga i tindr\u00e0 una capacitat 69.000 m\u00b3. Aquest dip\u00f2sit interceptar\u00e0 l\u2019eix natural de la Riera Canyet, que actualment presenta insufici\u00e8ncia hidr\u00e0ulica aig\u00fces avall de la C-31. La construcci\u00f3 d\u2019aquesta infraestructura permetr\u00e0 regular el flux d\u2019aigua durant els episodis de pluja intensa, evitant desbordaments que afecten els carrers del centre i infraestructures com el pas sota les vies del tren. A la vegada, evitar\u00e0 abocaments d\u2019aig\u00fces residuals i pluvials contaminades a les platges.<\/p>\n\n\n\n<p>El dip\u00f2sit Alfons XIII tindr\u00e0 una capacitat de 25.000 m\u00b3, es construir\u00e0 al barri del Gorg, a prop del Palau Ol\u00edmpic i per sota de l\u2019autopista C-31. Tamb\u00e9 podria ubicar-se sota el viaducte de l\u2019autopista, a la rotonda de l\u2019antiga carretera de Val\u00e8ncia. Aquesta infraestructura permetr\u00e0 regular la conca de Ponent-Tortosa, una \u00e0rea de 190 hect\u00e0rees que no compta amb un eix natural clarament definit. El dip\u00f2sit servir\u00e0 per evitar acumulacions d\u2019aigua a la rambla del Gorg i als carrers Ponent i Monturiol fins a arribar al port. D\u2019aquesta manera es millorar\u00e0 la capacitat del clavegueram per gestionar episodis de pluges intenses, es disminuir\u00e0 dr\u00e0sticament la possibilitat d\u2019inundacions en una zona urbana densament poblada i, addicionalment, s\u2019evitaran abocaments per sobreeiximent de les xarxes de clavegueram.<\/p>\n\n\n\n<p>A difer\u00e8ncia dels altres dos dip\u00f2sits, el del carrer d\u2019en Prim, no \u00e9s una infraestructura per evitar inundacions, sin\u00f3 que est\u00e0 dissenyat espec\u00edficament per evitar desbordaments del sistema unitari del clavegueram. Amb una capacitat de 6.800 m\u00b3, el dip\u00f2sit interceptar\u00e0 el col\u00b7lector del carrer d\u2019en Prim i protegir\u00e0 una superf\u00edcie de 110 hect\u00e0rees situades aig\u00fces avall de la B-20.&nbsp; El dip\u00f2sit regular\u00e0 el punt de sobreeiximent de la Platja del Pont d\u2019en Botifarreta, i per tant protegir\u00e0 aquesta platja i totes les que queden a ponent d\u2019aquesta (Pescadors, Patins de Vela, Pont del Petroli, Estaci\u00f3 i Coco) fins a la d\u00e0rsena del port.<\/p>\n\n\n\n<p>L\u2019AMB s\u2019encarregar\u00e0 de la redacci\u00f3 dels projectes d\u2019execuci\u00f3 de tres dip\u00f2sits d\u2019aig\u00fces pluvials a Badalona. L\u2019actuaci\u00f3 tindr\u00e0 un cost 1.323.000 \u20ac i ser\u00e0 finan\u00e7at conjuntament per l\u2019Ajuntament de Badalona, que aportar\u00e0 el 80%, i l\u2019AMB que aportar\u00e0 el 20%. Es preveu que la redacci\u00f3 dels estudis i projectes estigui enllestida a comen\u00e7ament del 2026 per poder iniciar les obres de construcci\u00f3 durant aquest mandat.<\/p>\n\n\n\n<p>Durant l\u2019acte de signatura, l\u2019alcalde de Badalona, Xavier Garcia Albiol, ha agra\u00eft la col\u00b7laboraci\u00f3 de l\u2019AMB i ha destacat que fa molts anys que la ciutat necessita aquestes infraestructures. Garcia Albiol ha recordat que Badalona compta fins ara amb nom\u00e9s un dip\u00f2sit, el de l\u2019Estrella, que es va construir en el seu primer mandat com a alcalde i ha assenyalat que \u201cla construcci\u00f3 d\u2019aquests tres nous dip\u00f2sits permetr\u00e0 que els abocaments al mar es redueixin en un 85%, i aix\u00f2 \u00e9s espectacular, suposa un abans i un despr\u00e9s a la ciutat de Badalona, transformar\u00e0 la ciutat des del punt de vista mediambiental\u201d. L\u2019alcalde tamb\u00e9 ha afegit que les obres dels tres dip\u00f2sits comen\u00e7aran el 2026 i que l\u2019Ajuntament buscar\u00e0 finan\u00e7ament extern i poder acollir-se a projectes europeus, per\u00f2 que les obres en cap cas estaran condicionades per trobar o no finan\u00e7ament, perqu\u00e8 sin\u00f3 l\u2019Ajuntament assumir\u00e0 la inversi\u00f3.<\/p>\n\n\n\n<p>Per la seva banda, Antonio Balm\u00f3n ha volgut remarcar que aquestes actuacions s\u00f3n, a m\u00e9s d\u2019una q\u00fcesti\u00f3 mediambiental, una q\u00fcesti\u00f3 de seguretat. \u201cEn els darrers mesos ja hem vist com els episodis de fortes pluges que no podem controlar s\u00f3n un risc per a la seguretat i la protecci\u00f3 de la ciutadania. Aquest projecte \u00e9s una pol\u00edtica i un esfor\u00e7 per part de l\u2019Ajuntament de Badalona i de l\u2019AMB que perdurar\u00e0 en el temps i que garanteix una seguretat gens menor per a la comunitat local\u201d, ha explicat Balm\u00f3n. El vicepresident executiu de l\u2019AMB tamb\u00e9 ha recordat que l\u2019ens metropolit\u00e0 sempre ha defensat, com succeir\u00e0 en aquest cas, la col\u00b7laboraci\u00f3 p\u00fablic-privada per desenvolupar projectes d\u2019aquesta rellev\u00e0ncia.<\/p>\n","protected":false},"excerpt":{"rendered":"<p>L\u2019Ajuntament de Badalona i l\u2019\u00c0rea Metropolitana de Barcelona (AMB) han signat avui un conveni de col\u00b7laboraci\u00f3 per finan\u00e7ar i coordinar la redacci\u00f3 dels estudis previs i els projectes necessaris per a la construcci\u00f3 de tres dip\u00f2sits soterranis de retenci\u00f3 d\u2019aig\u00fces pluvials a la ciutat. &nbsp;L\u2019acte ha comptat amb la pres\u00e8ncia de l\u2019alcalde de Badalona, Xavier [&hellip;]<\/p>\n","protected":false},"author":2,"featured_media":8141,"comment_status":"closed","ping_status":"open","sticky":false,"template":"","format":"standard","meta":{"footnotes":""},"categories":[23],"tags":[],"class_list":{"0":"post-8140","1":"post","2":"type-post","3":"status-publish","4":"format-standard","5":"has-post-thumbnail","7":"category-actualitat"},"_links":{"self":[{"href":"https:\/\/areabadalona.com\/diario\/wp-json\/wp\/v2\/posts\/8140","targetHints":{"allow":["GET"]}}],"collection":[{"href":"https:\/\/areabadalona.com\/diario\/wp-json\/wp\/v2\/posts"}],"about":[{"href":"https:\/\/areabadalona.com\/diario\/wp-json\/wp\/v2\/types\/post"}],"author":[{"embeddable":true,"href":"https:\/\/areabadalona.com\/diario\/wp-json\/wp\/v2\/users\/2"}],"replies":[{"embeddable":true,"href":"https:\/\/areabadalona.com\/diario\/wp-json\/wp\/v2\/comments?post=8140"}],"version-history":[{"count":1,"href":"https:\/\/areabadalona.com\/diario\/wp-json\/wp\/v2\/posts\/8140\/revisions"}],"predecessor-version":[{"id":8142,"href":"https:\/\/areabadalona.com\/diario\/wp-json\/wp\/v2\/posts\/8140\/revisions\/8142"}],"wp:featuredmedia":[{"embeddable":true,"href":"https:\/\/areabadalona.com\/diario\/wp-json\/wp\/v2\/media\/8141"}],"wp:attachment":[{"href":"https:\/\/areabadalona.com\/diario\/wp-json\/wp\/v2\/media?parent=8140"}],"wp:term":[{"taxonomy":"category","embeddable":true,"href":"https:\/\/areabadalona.com\/diario\/wp-json\/wp\/v2\/categories?post=8140"},{"taxonomy":"post_tag","embeddable":true,"href":"https:\/\/areabadalona.com\/diario\/wp-json\/wp\/v2\/tags?post=8140"}],"curies":[{"name":"wp","href":"https:\/\/api.w.org\/{rel}","templated":true}]}}