{"id":8132,"date":"2024-12-20T09:19:30","date_gmt":"2024-12-20T09:19:30","guid":{"rendered":"https:\/\/areabadalona.com\/diario\/?p=8132"},"modified":"2024-12-20T09:19:31","modified_gmt":"2024-12-20T09:19:31","slug":"dilluns-23-de-desembre-sobrira-el-termini-per-aconseguir-entrades-per-a-larribada-de-ses-majestats-els-reis-dorient-amb-helicopter-a-lestadi-municipal-de-badalona","status":"publish","type":"post","link":"https:\/\/areabadalona.com\/diario\/2024\/12\/20\/dilluns-23-de-desembre-sobrira-el-termini-per-aconseguir-entrades-per-a-larribada-de-ses-majestats-els-reis-dorient-amb-helicopter-a-lestadi-municipal-de-badalona\/","title":{"rendered":"Dilluns 23 de desembre s\u2019obrir\u00e0 el termini per aconseguir entrades per a l\u2019Arribada de Ses Majestats Els Reis d&#8217;Orient amb helic\u00f2pter a l\u2019Estadi Municipal de Badalona"},"content":{"rendered":"\n<p>El pr\u00f2xim dilluns 23 de desembre, a partir de les 10 hores, s\u2019obrir\u00e0 el tr\u00e0mit per reservar les entrades gratu\u00eftes per assistir a l\u2019Arribada de Ses Majestats Els Reis d&#8217;Orient amb helic\u00f2pter a l\u2019Estadi Municipal de Badalona. Les reserves per a l\u2019esdeveniment, que organitza l\u2019Ajuntament de Badalona, s\u2019han de fer a trav\u00e9s d\u2019<a href=\"https:\/\/entrades.badalona.cat\/ca\/\">entrades.badalona.cat<\/a>.<\/p>\n\n\n\n<p>Els Reis aterraran al bell mig del terreny de joc el diumenge 5 de gener a les 16 hores. Les portes de l\u2019estadi s\u2019obriran a les 14.30 hores. Es demana a tots els assistents que arribin al camp com a m\u00e0xim a les 15 hores per tal de garantir l&#8217;entrada correcta al recinte despr\u00e9s de passar pel proc\u00e9s de validaci\u00f3 de les entrades. Es recorda que hi haur\u00e0 un espai reservat per a infants amb diversitat funcional i\/o intel\u00b7lectual per l&#8217;acc\u00e9s a la llotja de l\u2019estadi.<\/p>\n\n\n\n<p>Els Reis d\u2019Orient arribaran a la nostra ciutat a bord de l\u2019helic\u00f2pter reial a l\u2019Estadi Municipal de Badalona, on es far\u00e0 la rebuda institucional. L\u2019alcalde els lliurar\u00e0 el pa i la sal com a regals de benvinguda, i la clau perqu\u00e8 puguin entrar a totes les llars de la nostra ciutat. Despr\u00e9s de la rebuda a l\u2019estadi, Ses Majestats recorreran els carrers de Badalona en la tradicional Cavalcada de Reis.<\/p>\n","protected":false},"excerpt":{"rendered":"<p>El pr\u00f2xim dilluns 23 de desembre, a partir de les 10 hores, s\u2019obrir\u00e0 el tr\u00e0mit per reservar les entrades gratu\u00eftes per assistir a l\u2019Arribada de Ses Majestats Els Reis d&#8217;Orient amb helic\u00f2pter a l\u2019Estadi Municipal de Badalona. Les reserves per a l\u2019esdeveniment, que organitza l\u2019Ajuntament de Badalona, s\u2019han de fer a trav\u00e9s d\u2019entrades.badalona.cat. Els Reis [&hellip;]<\/p>\n","protected":false},"author":2,"featured_media":8133,"comment_status":"closed","ping_status":"open","sticky":false,"template":"","format":"standard","meta":{"footnotes":""},"categories":[25],"tags":[],"class_list":{"0":"post-8132","1":"post","2":"type-post","3":"status-publish","4":"format-standard","5":"has-post-thumbnail","7":"category-cultura"},"_links":{"self":[{"href":"https:\/\/areabadalona.com\/diario\/wp-json\/wp\/v2\/posts\/8132","targetHints":{"allow":["GET"]}}],"collection":[{"href":"https:\/\/areabadalona.com\/diario\/wp-json\/wp\/v2\/posts"}],"about":[{"href":"https:\/\/areabadalona.com\/diario\/wp-json\/wp\/v2\/types\/post"}],"author":[{"embeddable":true,"href":"https:\/\/areabadalona.com\/diario\/wp-json\/wp\/v2\/users\/2"}],"replies":[{"embeddable":true,"href":"https:\/\/areabadalona.com\/diario\/wp-json\/wp\/v2\/comments?post=8132"}],"version-history":[{"count":1,"href":"https:\/\/areabadalona.com\/diario\/wp-json\/wp\/v2\/posts\/8132\/revisions"}],"predecessor-version":[{"id":8134,"href":"https:\/\/areabadalona.com\/diario\/wp-json\/wp\/v2\/posts\/8132\/revisions\/8134"}],"wp:featuredmedia":[{"embeddable":true,"href":"https:\/\/areabadalona.com\/diario\/wp-json\/wp\/v2\/media\/8133"}],"wp:attachment":[{"href":"https:\/\/areabadalona.com\/diario\/wp-json\/wp\/v2\/media?parent=8132"}],"wp:term":[{"taxonomy":"category","embeddable":true,"href":"https:\/\/areabadalona.com\/diario\/wp-json\/wp\/v2\/categories?post=8132"},{"taxonomy":"post_tag","embeddable":true,"href":"https:\/\/areabadalona.com\/diario\/wp-json\/wp\/v2\/tags?post=8132"}],"curies":[{"name":"wp","href":"https:\/\/api.w.org\/{rel}","templated":true}]}}