{"id":8129,"date":"2024-12-20T09:16:36","date_gmt":"2024-12-20T09:16:36","guid":{"rendered":"https:\/\/areabadalona.com\/diario\/?p=8129"},"modified":"2024-12-20T09:16:37","modified_gmt":"2024-12-20T09:16:37","slug":"lajuntament-de-badalona-instal%c2%b7la-un-fotomaton-de-nadal-a-la-placa-de-la-vila","status":"publish","type":"post","link":"https:\/\/areabadalona.com\/diario\/2024\/12\/20\/lajuntament-de-badalona-instal%c2%b7la-un-fotomaton-de-nadal-a-la-placa-de-la-vila\/","title":{"rendered":"L\u2019Ajuntament de Badalona instal\u00b7la un fotomaton de Nadal a la pla\u00e7a de la Vila"},"content":{"rendered":"\n<p>L\u2019Ajuntament de Badalona instal\u00b7lar\u00e0 els dies 21, 22 i 23 de desembre un fotomaton de Nadal a la pla\u00e7a de la Vila per oferir als ve\u00efns i visitants de la ciutat un record de les festes nadalenques a Badalona. Durant aquests tres dies, entre les 10 i les 21 hores, tothom qui vulgui podr\u00e0 fer servir el fotomaton de franc. Un cop s\u2019hagin fet la foto, les persones rebran al moment una tira vertical amb tres fotografies que tindran de fons la Casa de la Vila i l\u2019arbre de Nadal tradicional que hi ha la pla\u00e7a.<\/p>\n\n\n\n<p>El fotomaton estar\u00e0 instal\u00b7lat davant d\u2019un <em>photocall<\/em>&nbsp;amb la imatge de la campanya \u2018Badalona Il\u00b7lusi\u00f3 pel Nadal\u2019. Aquesta imatge no \u00e9s la que es veur\u00e0 a les fotografies del fotomaton (ja que aquestes tindran autom\u00e0ticament un fons amb la Casa de la Vila i l\u2019arbre de Nadal). No obstant aix\u00f2, tothom qui vulgui es podr\u00e0 fer fotos amb els seus m\u00f2bils amb el <em>photocall<\/em>&nbsp;de fons.&nbsp;&nbsp;<\/p>\n\n\n\n<p>Amb propostes com el fotomaton de Nadal, Badalona continua consolidant-se com una ciutat referent del Nadal, creant experi\u00e8ncies per a p\u00fablic de totes les edats i moments per compartir en fam\u00edlia o amb amics.<\/p>\n","protected":false},"excerpt":{"rendered":"<p>L\u2019Ajuntament de Badalona instal\u00b7lar\u00e0 els dies 21, 22 i 23 de desembre un fotomaton de Nadal a la pla\u00e7a de la Vila per oferir als ve\u00efns i visitants de la ciutat un record de les festes nadalenques a Badalona. Durant aquests tres dies, entre les 10 i les 21 hores, tothom qui vulgui podr\u00e0 fer [&hellip;]<\/p>\n","protected":false},"author":2,"featured_media":8130,"comment_status":"closed","ping_status":"open","sticky":false,"template":"","format":"standard","meta":{"footnotes":""},"categories":[23],"tags":[],"class_list":{"0":"post-8129","1":"post","2":"type-post","3":"status-publish","4":"format-standard","5":"has-post-thumbnail","7":"category-actualitat"},"_links":{"self":[{"href":"https:\/\/areabadalona.com\/diario\/wp-json\/wp\/v2\/posts\/8129","targetHints":{"allow":["GET"]}}],"collection":[{"href":"https:\/\/areabadalona.com\/diario\/wp-json\/wp\/v2\/posts"}],"about":[{"href":"https:\/\/areabadalona.com\/diario\/wp-json\/wp\/v2\/types\/post"}],"author":[{"embeddable":true,"href":"https:\/\/areabadalona.com\/diario\/wp-json\/wp\/v2\/users\/2"}],"replies":[{"embeddable":true,"href":"https:\/\/areabadalona.com\/diario\/wp-json\/wp\/v2\/comments?post=8129"}],"version-history":[{"count":1,"href":"https:\/\/areabadalona.com\/diario\/wp-json\/wp\/v2\/posts\/8129\/revisions"}],"predecessor-version":[{"id":8131,"href":"https:\/\/areabadalona.com\/diario\/wp-json\/wp\/v2\/posts\/8129\/revisions\/8131"}],"wp:featuredmedia":[{"embeddable":true,"href":"https:\/\/areabadalona.com\/diario\/wp-json\/wp\/v2\/media\/8130"}],"wp:attachment":[{"href":"https:\/\/areabadalona.com\/diario\/wp-json\/wp\/v2\/media?parent=8129"}],"wp:term":[{"taxonomy":"category","embeddable":true,"href":"https:\/\/areabadalona.com\/diario\/wp-json\/wp\/v2\/categories?post=8129"},{"taxonomy":"post_tag","embeddable":true,"href":"https:\/\/areabadalona.com\/diario\/wp-json\/wp\/v2\/tags?post=8129"}],"curies":[{"name":"wp","href":"https:\/\/api.w.org\/{rel}","templated":true}]}}