{"id":8123,"date":"2024-12-19T12:55:31","date_gmt":"2024-12-19T12:55:31","guid":{"rendered":"https:\/\/areabadalona.com\/diario\/?p=8123"},"modified":"2024-12-19T12:55:31","modified_gmt":"2024-12-19T12:55:31","slug":"la-generalitat-activa-un-avis-preventiu-de-contaminacio-ambiental-per-nivells-elevats-de-particules-en-suspensio-a-tot-catalunya","status":"publish","type":"post","link":"https:\/\/areabadalona.com\/diario\/2024\/12\/19\/la-generalitat-activa-un-avis-preventiu-de-contaminacio-ambiental-per-nivells-elevats-de-particules-en-suspensio-a-tot-catalunya\/","title":{"rendered":"La Generalitat activa un av\u00eds preventiu de contaminaci\u00f3 ambiental per nivells elevats de part\u00edcules en suspensi\u00f3 a tot Catalunya"},"content":{"rendered":"\n<p>El Departament &nbsp;de Territori, Habitatge i Transici\u00f3 Ecol\u00f2gica ha activat aquest dijous un av\u00eds preventiu per contaminaci\u00f3 atmosf\u00e8rica per nivells elevats de part\u00edcules de di\u00e0metre inferior a 10 micres (PM10) en l\u2019ambient atmosf\u00e8ric de tot Catalunya. La principal causa \u00e9s la intrusi\u00f3 de pols africana que est\u00e0 afectant el pa\u00eds des de dimecres, 18 de desembre.<\/p>\n\n\n\n<p>La mitjana di\u00e0ria dels nivells de PM10 d\u2019ahir va superar el valor de 50 \u03bcg\/m\u00b3 a 3 punts de mesurament: Un a la Zona de Protecci\u00f3 Especial (ZPE) de la conurbaci\u00f3 de Barcelona (Montcada i Reixac &#8211; Llu\u00eds Companys), un a les Terres de Ponent (Lleida &#8211; Irurita &#8211; Pius XII) i un a la Plana de Vic (Manlleu &#8211; Hospital comarcal). La previsi\u00f3 a 24 hores indica que els nivells podrien augmentar a tot el territori i es podria superar el valor diari de 50 \u03bcg\/m\u00b3 durant el dia d\u2019avui, donat que es preveu que la intrusi\u00f3 de pols africana persisteixi fins al final de la jornada i que les condicions de dispersi\u00f3 no millorin significativament.<\/p>\n\n\n\n<p><strong>Prevenci\u00f3 per evitar l\u2019episodi ambiental<\/strong><\/p>\n\n\n\n<p>L\u2019av\u00eds preventiu \u00e9s la fase pr\u00e8via a la possibilitat d\u2019episodi ambiental, sense que s\u2019hagi de produir necess\u00e0riament, i s\u2019activa per reduir les emissions de contaminants, en aquest cas, les part\u00edcules que s\u2019emeten per causa de les activitats humanes, que s\u2019afegeixen a les que hi ha presents a l\u2019atmosfera per motius naturals. Aquest av\u00eds comporta indicar en els panells lluminosos dels principals eixos viaris que el nivell de contaminaci\u00f3 \u00e9s elevat; informar la ciutadania perqu\u00e8 prioritzi l\u2019\u00fas del transport p\u00fablic envers el vehicle privat; notificar a les activitats industrials i obres p\u00fabliques i de generaci\u00f3 el\u00e8ctrica que activin els protocols de treball previstos en aquests casos; i recomanar als municipis que aturin o redueixin les activitats o obres amb materials pulverulents.<\/p>\n\n\n\n<p>La Direcci\u00f3 General de Canvi Clim\u00e0tic i Qualitat Ambiental, del Departament de Territori, Habitatge i Transici\u00f3 Ecol\u00f2gica, far\u00e0 un seguiment exhaustiu dels nivells i valorar\u00e0 di\u00e0riament si cal mantenir l\u2019av\u00eds preventiu, activar un episodi de contaminaci\u00f3 per part\u00edcules, o b\u00e9 desactivar l\u2019av\u00eds.<\/p>\n\n\n\n<p><strong>Evitar m\u00e9s part\u00edcules<\/strong><\/p>\n\n\n\n<p>En aquesta situaci\u00f3, la Generalitat recomana a la ciutadania:<\/p>\n\n\n\n<ul class=\"wp-block-list\">\n<li>Realitzar els trajectes a peu o amb bicicleta, escollint carrers poc freq\u00fcentats pel tr\u00e0nsit.<\/li>\n\n\n\n<li>Prioritzar el transport p\u00fablic.<\/li>\n\n\n\n<li>Reduir els despla\u00e7aments amb vehicle privat (si \u00e9s possible, treballar a dist\u00e0ncia, variar l\u2019horari de feina a canvi de viatjar amb transport p\u00fablic, treballar en un altre lloc de l&#8217;empresa, m\u00e9s a prop de casa\u2026).<\/li>\n\n\n\n<li>Utilitzar el cotxe compartit.<\/li>\n\n\n\n<li>Realitzar una conducci\u00f3 eficient (arrencada suau, reduir la velocitat, utilitzar el fre motor, evitar accelerades i frenades brusques, etc.).<\/li>\n\n\n\n<li>En el cas de disposar de diferents vehicles, utilitzar el que tingui les emissions m\u00e9s baixes.<\/li>\n\n\n\n<li>Regular la climatitzaci\u00f3 de les llars i establiments.<\/li>\n<\/ul>\n\n\n\n<p>Es poden consultar els nivells de la qualitat de l\u2019aire a temps real a trav\u00e9s de l\u2019aplicaci\u00f3 gratu\u00efta per a tel\u00e8fons m\u00f2bils AireCat, a l\u2019App Store i a Google Play Store, o a l\u2019entorn <a href=\"https:\/\/mediambient.gencat.cat\/ca\/05_ambits_dactuacio\/atmosfera\/qualitat_de_laire\/vols-saber-que-respires\/\">web d\u2019informaci\u00f3 de les dades de qualitat de l\u2019aire<\/a>.<\/p>\n\n\n\n<p>Al&nbsp;<a href=\"https:\/\/eur03.safelinks.protection.outlook.com\/?url=http%3A%2F%2Fcanalsalut.gencat.cat%2Fca%2Fsalut-a-z%2Fc%2Fcontaminacio-atmosferica%2F&amp;data=04%7C01%7Cgsoteras%40gencat.cat%7C4cc1158279e049ac866b08d9c07cccf8%7C3b9427dcd30e43bc8c06ff7253676fec%7C1%7C0%7C637752464541152430%7CUnknown%7CTWFpbGZsb3d8eyJWIjoiMC4wLjAwMDAiLCJQIjoiV2luMzIiLCJBTiI6Ik1haWwiLCJXVCI6Mn0%3D%7C3000&amp;sdata=42CY6Lkzecj6swXK1r129M8r9AgIyW5VYT%2FVRRClHQ8%3D&amp;reserved=0\">Canal Salut<\/a>&nbsp;de l\u2019Ag\u00e8ncia de Salut P\u00fablica de Catalunya s\u2019hi detallen les principals mesures i recomanacions que cal adoptar per reduir l\u2019exposici\u00f3 a la contaminaci\u00f3 i els riscos per a la salut derivats de la contaminaci\u00f3 de l\u2019aire. S\u2019hi poden trobar, a banda de recomanacions de caire general, les mesures de precauci\u00f3 addicionals a adoptar davant de situacions amb nivells elevats de contaminaci\u00f3 dirigides als col\u00b7lectius m\u00e9s vulnerables i tamb\u00e9 a la poblaci\u00f3 en general.<\/p>\n","protected":false},"excerpt":{"rendered":"<p>El Departament &nbsp;de Territori, Habitatge i Transici\u00f3 Ecol\u00f2gica ha activat aquest dijous un av\u00eds preventiu per contaminaci\u00f3 atmosf\u00e8rica per nivells elevats de part\u00edcules de di\u00e0metre inferior a 10 micres (PM10) en l\u2019ambient atmosf\u00e8ric de tot Catalunya. La principal causa \u00e9s la intrusi\u00f3 de pols africana que est\u00e0 afectant el pa\u00eds des de dimecres, 18 de [&hellip;]<\/p>\n","protected":false},"author":2,"featured_media":8124,"comment_status":"closed","ping_status":"open","sticky":false,"template":"","format":"standard","meta":{"footnotes":""},"categories":[23],"tags":[],"class_list":{"0":"post-8123","1":"post","2":"type-post","3":"status-publish","4":"format-standard","5":"has-post-thumbnail","7":"category-actualitat"},"_links":{"self":[{"href":"https:\/\/areabadalona.com\/diario\/wp-json\/wp\/v2\/posts\/8123","targetHints":{"allow":["GET"]}}],"collection":[{"href":"https:\/\/areabadalona.com\/diario\/wp-json\/wp\/v2\/posts"}],"about":[{"href":"https:\/\/areabadalona.com\/diario\/wp-json\/wp\/v2\/types\/post"}],"author":[{"embeddable":true,"href":"https:\/\/areabadalona.com\/diario\/wp-json\/wp\/v2\/users\/2"}],"replies":[{"embeddable":true,"href":"https:\/\/areabadalona.com\/diario\/wp-json\/wp\/v2\/comments?post=8123"}],"version-history":[{"count":1,"href":"https:\/\/areabadalona.com\/diario\/wp-json\/wp\/v2\/posts\/8123\/revisions"}],"predecessor-version":[{"id":8125,"href":"https:\/\/areabadalona.com\/diario\/wp-json\/wp\/v2\/posts\/8123\/revisions\/8125"}],"wp:featuredmedia":[{"embeddable":true,"href":"https:\/\/areabadalona.com\/diario\/wp-json\/wp\/v2\/media\/8124"}],"wp:attachment":[{"href":"https:\/\/areabadalona.com\/diario\/wp-json\/wp\/v2\/media?parent=8123"}],"wp:term":[{"taxonomy":"category","embeddable":true,"href":"https:\/\/areabadalona.com\/diario\/wp-json\/wp\/v2\/categories?post=8123"},{"taxonomy":"post_tag","embeddable":true,"href":"https:\/\/areabadalona.com\/diario\/wp-json\/wp\/v2\/tags?post=8123"}],"curies":[{"name":"wp","href":"https:\/\/api.w.org\/{rel}","templated":true}]}}