{"id":7581,"date":"2024-09-18T09:04:26","date_gmt":"2024-09-18T09:04:26","guid":{"rendered":"https:\/\/areabadalona.com\/diario\/?p=7581"},"modified":"2024-09-18T09:04:27","modified_gmt":"2024-09-18T09:04:27","slug":"parlem-de-badalona","status":"publish","type":"post","link":"https:\/\/areabadalona.com\/diario\/2024\/09\/18\/parlem-de-badalona\/","title":{"rendered":"Parlem de Badalona!"},"content":{"rendered":"\n<p>Aquest estiu estava caminant quan em vaig fixar en els grafitis i els cartells publicitaris penjats a les parets del carrer del Mar. Em vaig quedar mirant i em va impactar la imatge de deixadesa i de brut\u00edcia que projectava un dels carrers principals de la ciutat de Badalona.&nbsp; La imatge em va acompanyar al llarg del meu passeig i, algunes idees van sorgir a la meva ment. Vaig pensar en el programa \u201cSupermanzanas\u201d, un projecte urban\u00edstic, dissenyat per a alguns carrers de Barcelona, que vol recuperar per a la ciutadania llocs p\u00fablics com espais m\u00e9s saludables, m\u00e9s segurs, m\u00e9s verds i, que afavoreixin la cohesi\u00f3 social.<\/p>\n\n\n\n<p>Malgrat viure m\u00e9s connectats que mai a trav\u00e9s de les xarxes socials, avui dia assistim a un augment de la soledat, de la depressi\u00f3 i de l\u2019estret. Per aix\u00f2, \u00e9s important que la ciutat compti amb m\u00e9s llocs inclusius que animin a les persones a sortir al carrer i a interactuar. Penso a la meva ciutat i, percebo que caldria ampliar la xarxa de parcs i jardins on els vianants siguin els protagonistes; augmentar la pres\u00e8ncia de verd urb\u00e0; crear nous espais de descans, equipats amb bancs amb respatller, fanals solars, papereres reciclables. Un nou mobiliari urb\u00e0 que resulti atractiu per a la ciutadania. A m\u00e9s, seria interessant fomentar la creaci\u00f3 d\u2019horts urbans i zones de jocs infantils, per transformar els nostres barris en llocs m\u00e9s adaptats, vius i sostenibles.<\/p>\n\n\n\n<p>Fa molts anys que tinc un desig: veure Badalona com una ciutat atractiva, acollidora i desitjable.&nbsp; Per aix\u00f2, crec que la neteja urbana \u00e9s una pe\u00e7a fonamental, perqu\u00e8 \u00e9s la primera imatge visual que els ve\u00efns i les ve\u00efnes observem quan surtin al carrer. Una ciutat neta \u00e9s el quadre perfecte per a ressaltar la bellesa del nostre entorn urb\u00e0. Una Badalona que potenci\u00ef refer\u00e8ncies urbanes; que guarneixi la ciutat amb est\u00e0tues; que fomenti l\u2019oferta cultural promovent el seu llegat rom\u00e0, la seva gastronomia mediterr\u00e0nia i, el seu entorn paisatg\u00edstic; que reforci la identitat als barris amb un disseny que doni continu\u00eftat a tots els districtes de Badalona, per exemple, amb cartells on surti el nom del barri i, s\u00edmbols que siguin representatius de cadascun d\u2019ells.<\/p>\n\n\n\n<p>M\u2019imagino el pont de l\u2019autopista i els fanals del carrer General Weyler pintats amb un verd intens, emmarcant el\u00a0 Parc del Tur\u00f3 Caritg, com si fos un quadre de Monet. La pla\u00e7a de Sant Josep transformada en un oasi urb\u00e0, amb el majestu\u00f3s arbre com protagonista, acompanyat per bancs de fusta i grans testos plens de margarides que miren envers el temple. El carrer Francesc Layret convertit en un passeig per vianants amb terrasses animades i l\u2019aroma de la lavanda fluint entre la gent. El carrer de Santa Maria ple de color gr\u00e0cies a les fileres d\u2019arbres de taronges, mentre que a Dalt la Vila, l\u2019escultura de la Venus aporta un toc hist\u00f2ric, cultural i tur\u00edstic. La pla\u00e7a de la Constituci\u00f3, il\u00b7luminant un mosaic rom\u00e0 que rodeja la font, creant un ambient de misteri i m\u00e0gia. A la nit, les llums LED decorant el pont del petroli, i les antigues naus de l\u2019escorxador\u00a0 transformades en un vibrant centre cultural i, un parc aqu\u00e0tic amb una gran piscina a l\u2019aire lliure que ens convida a l\u2019esbarjo i a la diversi\u00f3. En pensar en aquesta Badalona ideal, se\u2019m ve al cap la can\u00e7\u00f3 de Joan Manuel Serrat i, penso que seria bonic veure aquesta visi\u00f3 feta realitat! Mari <span style=\"background-color:#0d0000\" class=\"td_text_highlight_marker\">Carmen Lozano Pareja<\/span><\/p>\n","protected":false},"excerpt":{"rendered":"<p>Aquest estiu estava caminant quan em vaig fixar en els grafitis i els cartells publicitaris penjats a les parets del carrer del Mar. Em vaig quedar mirant i em va impactar la imatge de deixadesa i de brut\u00edcia que projectava un dels carrers principals de la ciutat de Badalona.&nbsp; La imatge em va acompanyar al [&hellip;]<\/p>\n","protected":false},"author":2,"featured_media":5539,"comment_status":"closed","ping_status":"open","sticky":false,"template":"","format":"standard","meta":{"footnotes":""},"categories":[28],"tags":[],"class_list":{"0":"post-7581","1":"post","2":"type-post","3":"status-publish","4":"format-standard","5":"has-post-thumbnail","7":"category-opinio"},"_links":{"self":[{"href":"https:\/\/areabadalona.com\/diario\/wp-json\/wp\/v2\/posts\/7581","targetHints":{"allow":["GET"]}}],"collection":[{"href":"https:\/\/areabadalona.com\/diario\/wp-json\/wp\/v2\/posts"}],"about":[{"href":"https:\/\/areabadalona.com\/diario\/wp-json\/wp\/v2\/types\/post"}],"author":[{"embeddable":true,"href":"https:\/\/areabadalona.com\/diario\/wp-json\/wp\/v2\/users\/2"}],"replies":[{"embeddable":true,"href":"https:\/\/areabadalona.com\/diario\/wp-json\/wp\/v2\/comments?post=7581"}],"version-history":[{"count":1,"href":"https:\/\/areabadalona.com\/diario\/wp-json\/wp\/v2\/posts\/7581\/revisions"}],"predecessor-version":[{"id":7582,"href":"https:\/\/areabadalona.com\/diario\/wp-json\/wp\/v2\/posts\/7581\/revisions\/7582"}],"wp:featuredmedia":[{"embeddable":true,"href":"https:\/\/areabadalona.com\/diario\/wp-json\/wp\/v2\/media\/5539"}],"wp:attachment":[{"href":"https:\/\/areabadalona.com\/diario\/wp-json\/wp\/v2\/media?parent=7581"}],"wp:term":[{"taxonomy":"category","embeddable":true,"href":"https:\/\/areabadalona.com\/diario\/wp-json\/wp\/v2\/categories?post=7581"},{"taxonomy":"post_tag","embeddable":true,"href":"https:\/\/areabadalona.com\/diario\/wp-json\/wp\/v2\/tags?post=7581"}],"curies":[{"name":"wp","href":"https:\/\/api.w.org\/{rel}","templated":true}]}}