{"id":7523,"date":"2024-09-04T11:50:37","date_gmt":"2024-09-04T11:50:37","guid":{"rendered":"https:\/\/areabadalona.com\/diario\/?p=7523"},"modified":"2024-09-04T11:50:38","modified_gmt":"2024-09-04T11:50:38","slug":"diada-nacional-de-catalunya-a-badalona-2024","status":"publish","type":"post","link":"https:\/\/areabadalona.com\/diario\/2024\/09\/04\/diada-nacional-de-catalunya-a-badalona-2024\/","title":{"rendered":"Diada Nacional de Catalunya a Badalona 2024"},"content":{"rendered":"\n<p>La pla\u00e7a de la Plana de Badalona ser\u00e0 l\u2019escenari, un any m\u00e9s, de l\u2019acte institucional de la Diada Nacional de Catalunya que es celebrar\u00e0 dimecres, 11 de setembre, a partir de les 10 hores amb la tradicional ofrena floral al mon\u00f2lit commemoratiu. En primer lloc, tindr\u00e0 lloc l\u2019ofrena floral de la Corporaci\u00f3 Municipal, seguida per les entitats de Badalona i pels ciutadans.<\/p>\n\n\n\n<p>L\u2019acte institucional comen\u00e7ar\u00e0 amb el Cant de la Senyera, el Ball de l\u2019\u00c0liga i l\u2019acompanyament musical de la Fanfara de Torrembarra i pilar a c\u00e0rrec de la Colla Castellers de Badalona. La Corporaci\u00f3 Municipal, amb l\u2019alcalde de Badalona al capdavant, realitzar\u00e0 l\u2019ofrena floral al mon\u00f2lit. Amb l\u2019himne dels Segadors clour\u00e0 l\u2019acte institucional.<\/p>\n\n\n\n<p>A partir de les 12 hores, tamb\u00e9 a la pla\u00e7a de La Plana, tindr\u00e0 lloc la Diada castellera, que enguany comptar\u00e0 amb la participaci\u00f3 de les colles dels Castellers de Badalona, Castellers de Molins de Rei i Colla Castellera de l\u2019Esquerra de l\u2019Eixample.<\/p>\n","protected":false},"excerpt":{"rendered":"<p>La pla\u00e7a de la Plana de Badalona ser\u00e0 l\u2019escenari, un any m\u00e9s, de l\u2019acte institucional de la Diada Nacional de Catalunya que es celebrar\u00e0 dimecres, 11 de setembre, a partir de les 10 hores amb la tradicional ofrena floral al mon\u00f2lit commemoratiu. En primer lloc, tindr\u00e0 lloc l\u2019ofrena floral de la Corporaci\u00f3 Municipal, seguida per [&hellip;]<\/p>\n","protected":false},"author":2,"featured_media":7524,"comment_status":"closed","ping_status":"open","sticky":false,"template":"","format":"standard","meta":{"footnotes":""},"categories":[25],"tags":[],"class_list":{"0":"post-7523","1":"post","2":"type-post","3":"status-publish","4":"format-standard","5":"has-post-thumbnail","7":"category-cultura"},"_links":{"self":[{"href":"https:\/\/areabadalona.com\/diario\/wp-json\/wp\/v2\/posts\/7523","targetHints":{"allow":["GET"]}}],"collection":[{"href":"https:\/\/areabadalona.com\/diario\/wp-json\/wp\/v2\/posts"}],"about":[{"href":"https:\/\/areabadalona.com\/diario\/wp-json\/wp\/v2\/types\/post"}],"author":[{"embeddable":true,"href":"https:\/\/areabadalona.com\/diario\/wp-json\/wp\/v2\/users\/2"}],"replies":[{"embeddable":true,"href":"https:\/\/areabadalona.com\/diario\/wp-json\/wp\/v2\/comments?post=7523"}],"version-history":[{"count":1,"href":"https:\/\/areabadalona.com\/diario\/wp-json\/wp\/v2\/posts\/7523\/revisions"}],"predecessor-version":[{"id":7525,"href":"https:\/\/areabadalona.com\/diario\/wp-json\/wp\/v2\/posts\/7523\/revisions\/7525"}],"wp:featuredmedia":[{"embeddable":true,"href":"https:\/\/areabadalona.com\/diario\/wp-json\/wp\/v2\/media\/7524"}],"wp:attachment":[{"href":"https:\/\/areabadalona.com\/diario\/wp-json\/wp\/v2\/media?parent=7523"}],"wp:term":[{"taxonomy":"category","embeddable":true,"href":"https:\/\/areabadalona.com\/diario\/wp-json\/wp\/v2\/categories?post=7523"},{"taxonomy":"post_tag","embeddable":true,"href":"https:\/\/areabadalona.com\/diario\/wp-json\/wp\/v2\/tags?post=7523"}],"curies":[{"name":"wp","href":"https:\/\/api.w.org\/{rel}","templated":true}]}}