{"id":7520,"date":"2024-09-03T09:18:05","date_gmt":"2024-09-03T09:18:05","guid":{"rendered":"https:\/\/areabadalona.com\/diario\/?p=7520"},"modified":"2024-09-04T09:18:17","modified_gmt":"2024-09-04T09:18:17","slug":"amb-linici-del-curs-escolar-tornen-les-activitats-a-la-xarxa-municipal-de-biblioteques-de-badalona","status":"publish","type":"post","link":"https:\/\/areabadalona.com\/diario\/2024\/09\/03\/amb-linici-del-curs-escolar-tornen-les-activitats-a-la-xarxa-municipal-de-biblioteques-de-badalona\/","title":{"rendered":"Amb l\u2019inici del curs escolar tornen les activitats a la Xarxa Municipal de Biblioteques de Badalona"},"content":{"rendered":"\n<p>Amb la tornada de vacances i l\u2019inici del curs escolar, tornen les activitats a la Xarxa Municipal de Biblioteques de Badalona. Durant el mes de setembre destaquen el cicle d\u2019activitats \u2018Acompanyant els infants en la lectura\u2019 per oferir eines per introduir la lectura a infants d\u2019entre 4 i 8 anys o les confer\u00e8ncies de divulgaci\u00f3 i sensibilitzaci\u00f3 sobre l\u2019Alzheimer. Del 16 al 22 de setembre tindr\u00e0 lloc la Setmana de la Mobilitat Sostenible amb l\u2019objectiu de promoure h\u00e0bits de mobilitat m\u00e9s sostenibles i saludables, i la Xarxa Municipal de Biblioteques tamb\u00e9 s\u2019adhereix a aquesta celebraci\u00f3 amb tallers, l\u2019Hora del Conte i altres activitats per a infants.<\/p>\n\n\n\n<p><strong>Acompanyant els infants en la lectura<\/strong><\/p>\n\n\n\n<p>Els divendres 20 i 27 de setembre, de 17.30 a 19.30 hores, a la sala d\u2019actes de l\u2019Espai Bet\u00falia.<\/p>\n\n\n\n<p>La lectura \u00e9s b\u00e0sica per al desenvolupament de les criatures. Aquest cicle d&#8217;activitats est\u00e0 pensat per a oferir eines a aquelles persones que han de fer de mediadores entre la literatura i els infants de 4 a 8 anys. Abordar\u00e0 com i per qu\u00e8 explicar contes, i quines lectures triar. Contes, poemes i \u00e0lbums guiaran, com les pedretes de Hansel i Gretel, el nostre recorregut per la literatura infantil. Les dues sessions \u201cAcompanyar a la lectura. Com i amb quins llibres?\u201d i \u201cCreaci\u00f3 de contextos lectors i estrat\u00e8gies de mediaci\u00f3 liter\u00e0ria\u201d seran a c\u00e0rrec de N\u00faria Vouillamoz, doctora en Did\u00e0ctica de la Llengua i la Literatura.<\/p>\n\n\n\n<p><strong>Confer\u00e8ncia de divulgaci\u00f3 i sensibilitzaci\u00f3: Alzheimer<\/strong><\/p>\n\n\n\n<p>Del 17 de setembre a l\u20191 d\u2019octubre a la sala d\u2019actes de l\u2019Espai Bet\u00falia.<\/p>\n\n\n\n<p>S\u2019abordaran q\u00fcestions com la figura del cuidador principal i la comunicaci\u00f3 amb la persona amb deteriorament cognitiu, i s\u2019oferir\u00e0 un taller per al foment de l\u2019autocura i l\u2019envelliment actiu. Tamb\u00e9 es preveu una activitat familiar per explicar l\u2019Alzheimer als petits de la casa.<\/p>\n\n\n\n<p><strong>Setmana de la Mobilitat Sostenible<\/strong><\/p>\n\n\n\n<p>Del 16 al 22 de setembre, a Catalunya celebra la Setmana de la Mobilitat Sostenible que busca promoure h\u00e0bits de mobilitat m\u00e9s sostenibles com la bicicleta, el vehicle el\u00e8ctric o el transport p\u00fablic i que enguany aborda la tem\u00e0tica \u201cCompartim l\u2019espai p\u00fablic\u201d. A Badalona s\u2019han organitzat tot un seguit d\u2019activitats i la Xarxa Municipal de Biblioteques de Badalona tamb\u00e9 s\u2019adhereix a la Setmana de la Mobilitat amb activitats que busquen promoure una mobilitat m\u00e9s sostenible i saludable.<\/p>\n\n\n\n<p>A totes les biblioteques municipals s\u2019explicaran els seg\u00fcents contes: <em>La nena que va aturar el tr\u00e0nsit <\/em>de Fabricio Valerio, <em>El codi de circulaci\u00f3<\/em>&nbsp;de Mario Ramos i <em>Ai quina jungla!<\/em>&nbsp;De Marta Viel. L\u2019Associaci\u00f3 Stop Accidents Catalunya tamb\u00e9 impartir\u00e0 el taller \u2018Fes-te visible\u2019 per a infants i joves, dimecres 18 de setembre, a les 17.30 hores, a la Biblioteca Lloreda.<\/p>\n\n\n\n<p><strong>Dia sense cotxes<\/strong><\/p>\n\n\n\n<p>21 de setembre<\/p>\n\n\n\n<p>La Xarxa Municipal de Biblioteques tamb\u00e9 participar\u00e0 en la jornada del Dia Sense Cotxes organitzada per l\u2019Ajuntament de Badalona, que tindr\u00e0 lloc el 21 de setembre, de 10 a 20 hores al carrer de Francesc Layret, en el tram entre els carrers del Temple i l\u2019avinguda del President Llu\u00eds Companys. Una jornada per reivindicar i fer del carrer un espai m\u00e9s nostre amb activitats per a tots els p\u00fablics. En el marc d\u2019aquesta jornada s\u2019habilitar\u00e0 un espai de lectura, es realitzaran tallers (de seguretat vi\u00e0ria, de dibuix, d\u2019esl\u00f2gans\u2026) i tamb\u00e9 s\u2019explicar\u00e0 el conte <em>Ai! Quina jungla! <\/em>de Marta Biel, a les 13 hores i a les 17.30 hores.<\/p>\n\n\n\n<p><strong>Taller Compartim un futur. Aigua va!<\/strong><\/p>\n\n\n\n<p>Dijous 19 de setembre, a les 18 hores, a la Biblioteca Llefi\u00e0-Xavier Soto. S\u2019aprendr\u00e0 a fer un \u00fas m\u00e9s responsable de l&#8217;aigua a trav\u00e9s del joc i de la creaci\u00f3 de missatges per emportar-se a casa.<\/p>\n\n\n\n<p>Per a infants d\u2019entre 4 i 8 anys. A c\u00e0rrec d\u2019\u00c0rea Metropolitana de Barcelona (AMB).<\/p>\n\n\n\n<p>Places limitades. Cal inscripci\u00f3 pr\u00e8via, per tel\u00e8fon al 93 383 29 70 o per correu a <a href=\"mailto:b.badalona.lle@diba.cat\">b.badalona.lle@diba.cat<\/a><\/p>\n\n\n\n<p><strong>Exposici\u00f3 \u2018Aigua\u2019<\/strong><\/p>\n\n\n\n<p>Del 9 al 27 de setembre, a la Biblioteca Llefi\u00e0-Xavier Soto<\/p>\n\n\n\n<p>En aquesta exposici\u00f3, creada i produ\u00efda pel Consell Catal\u00e0 del Llibre Infantil i Juvenil (ClijCAT), s&#8217;explora aquest recurs des de diferents punts de vista i a partir d&#8217;una selecci\u00f3 de llibres per a totes les edats.<\/p>\n\n\n\n<p><strong>Hora del conte<\/strong>: <em>El past\u00eds \u00e9s tan amunt<\/em>&nbsp;de Susanne Straber<\/p>\n\n\n\n<p>24 de setembre, a les 17 h, a la Biblioteca Canyad\u00f3 i Casagemes-Joan Argent\u00e9<\/p>\n\n\n\n<p>El ritme, la repetici\u00f3, els animalons, les imatges i els sons atrauen l&#8217;atenci\u00f3 dels nadons. Per a infants d\u2019entre 0 a 3 anys. A c\u00e0rrec de la contacontes i actriu Laura Asensio.<\/p>\n\n\n\n<p>Cal inscripci\u00f3 pr\u00e8via per a totes les activitats. Es pot fer per correu electr\u00f2nic o trucant per tel\u00e8fon.<\/p>\n\n\n\n<p>La Xarxa Municipal de Biblioteques de Badalona es reserva el dret d\u2019anul\u00b7lar o modificar les dates de les activitats si aix\u00ed ho requereixen les circumst\u00e0ncies.<\/p>\n\n\n\n<p>Consulteu totes les activitats a: <a href=\"http:\/\/www.badabiblios.cat\">www.badabiblios.cat<\/a><\/p>\n","protected":false},"excerpt":{"rendered":"<p>Amb la tornada de vacances i l\u2019inici del curs escolar, tornen les activitats a la Xarxa Municipal de Biblioteques de Badalona. Durant el mes de setembre destaquen el cicle d\u2019activitats \u2018Acompanyant els infants en la lectura\u2019 per oferir eines per introduir la lectura a infants d\u2019entre 4 i 8 anys o les confer\u00e8ncies de divulgaci\u00f3 [&hellip;]<\/p>\n","protected":false},"author":2,"featured_media":7521,"comment_status":"closed","ping_status":"open","sticky":false,"template":"","format":"standard","meta":{"footnotes":""},"categories":[23],"tags":[],"class_list":{"0":"post-7520","1":"post","2":"type-post","3":"status-publish","4":"format-standard","5":"has-post-thumbnail","7":"category-actualitat"},"_links":{"self":[{"href":"https:\/\/areabadalona.com\/diario\/wp-json\/wp\/v2\/posts\/7520","targetHints":{"allow":["GET"]}}],"collection":[{"href":"https:\/\/areabadalona.com\/diario\/wp-json\/wp\/v2\/posts"}],"about":[{"href":"https:\/\/areabadalona.com\/diario\/wp-json\/wp\/v2\/types\/post"}],"author":[{"embeddable":true,"href":"https:\/\/areabadalona.com\/diario\/wp-json\/wp\/v2\/users\/2"}],"replies":[{"embeddable":true,"href":"https:\/\/areabadalona.com\/diario\/wp-json\/wp\/v2\/comments?post=7520"}],"version-history":[{"count":1,"href":"https:\/\/areabadalona.com\/diario\/wp-json\/wp\/v2\/posts\/7520\/revisions"}],"predecessor-version":[{"id":7522,"href":"https:\/\/areabadalona.com\/diario\/wp-json\/wp\/v2\/posts\/7520\/revisions\/7522"}],"wp:featuredmedia":[{"embeddable":true,"href":"https:\/\/areabadalona.com\/diario\/wp-json\/wp\/v2\/media\/7521"}],"wp:attachment":[{"href":"https:\/\/areabadalona.com\/diario\/wp-json\/wp\/v2\/media?parent=7520"}],"wp:term":[{"taxonomy":"category","embeddable":true,"href":"https:\/\/areabadalona.com\/diario\/wp-json\/wp\/v2\/categories?post=7520"},{"taxonomy":"post_tag","embeddable":true,"href":"https:\/\/areabadalona.com\/diario\/wp-json\/wp\/v2\/tags?post=7520"}],"curies":[{"name":"wp","href":"https:\/\/api.w.org\/{rel}","templated":true}]}}