{"id":7517,"date":"2024-09-04T09:16:28","date_gmt":"2024-09-04T09:16:28","guid":{"rendered":"https:\/\/areabadalona.com\/diario\/?p=7517"},"modified":"2024-09-04T09:16:29","modified_gmt":"2024-09-04T09:16:29","slug":"lajuntament-de-badalona-i-la-favb-signen-el-nou-conveni-de-col%c2%b7laboracio-per-al-suport-a-lassociacionisme-veinal","status":"publish","type":"post","link":"https:\/\/areabadalona.com\/diario\/2024\/09\/04\/lajuntament-de-badalona-i-la-favb-signen-el-nou-conveni-de-col%c2%b7laboracio-per-al-suport-a-lassociacionisme-veinal\/","title":{"rendered":"L\u2019Ajuntament de Badalona i la FAVB signen el nou conveni de col\u00b7laboraci\u00f3 per al suport a l\u2019associacionisme ve\u00efnal"},"content":{"rendered":"\n<p>L\u2019alcalde de Badalona, Xavier Garcia Albiol, i el president de la Federaci\u00f3 d\u2019Associacions de Ve\u00efns de Badalona (FAVB), Julio Molina, han signat aquest mat\u00ed el conveni entre l\u2019Ajuntament i la FAVB per al desenvolupament del Programa de suport a l\u2019associacionisme ve\u00efnal i al foment de la participaci\u00f3 ciutadana \u2013exercici 2022-2024- que permetr\u00e0 que la Federaci\u00f3 rebi 30.000 euros.<\/p>\n\n\n\n<p>Xavier Garcia Albiol, ha destacat la import\u00e0ncia de la signatura d\u2019aquest conveni amb la FAVB, donada la feina de vertebraci\u00f3 de la ciutat que fan les associacions ve\u00efnals i ha assenyalat la import\u00e0ncia que aquestes entitats puguin disposar dels recursos econ\u00f2mics que necessiten per continuar fent la seva feina als barris. \u201cLa meva voluntat \u00e9s que aquests recursos arribin a les associacions al m\u00e9s aviat possible\u201d, ha afirmat l\u2019alcalde, que ha recordat que hi ha hagut endarreriments provocats per la situaci\u00f3 de \u201cbloqueig administratiu important\u00edssim\u201d que es va trobar l\u2019actual govern i que el govern treballa per desbloquejar. \u201cContinuem treballant per tal que les entitats ve\u00efnals, esportives i culturals rebin puntualment les subvencions i deixar enrere l\u2019anterior situaci\u00f3 de col\u00b7lapse administratiu, ha afegit.<\/p>\n\n\n\n<p>El conveni vincula l\u2019Ajuntament i la FAVB en l\u2019objectiu del foment de l\u2019associacionisme per la seva contribuci\u00f3 a la cohesi\u00f3 social i a la vitalitat cultural de la ciutat. La FAVB va n\u00e9ixer l\u2019any 1984 com&nbsp; a entitat c\u00edvica i ve\u00efnal i actualment aplega 42 associacions de ve\u00efns i ve\u00efnes dels barris de Badalona.<\/p>\n","protected":false},"excerpt":{"rendered":"<p>L\u2019alcalde de Badalona, Xavier Garcia Albiol, i el president de la Federaci\u00f3 d\u2019Associacions de Ve\u00efns de Badalona (FAVB), Julio Molina, han signat aquest mat\u00ed el conveni entre l\u2019Ajuntament i la FAVB per al desenvolupament del Programa de suport a l\u2019associacionisme ve\u00efnal i al foment de la participaci\u00f3 ciutadana \u2013exercici 2022-2024- que permetr\u00e0 que la Federaci\u00f3 [&hellip;]<\/p>\n","protected":false},"author":2,"featured_media":7518,"comment_status":"closed","ping_status":"open","sticky":false,"template":"","format":"standard","meta":{"footnotes":""},"categories":[23],"tags":[],"class_list":{"0":"post-7517","1":"post","2":"type-post","3":"status-publish","4":"format-standard","5":"has-post-thumbnail","7":"category-actualitat"},"_links":{"self":[{"href":"https:\/\/areabadalona.com\/diario\/wp-json\/wp\/v2\/posts\/7517","targetHints":{"allow":["GET"]}}],"collection":[{"href":"https:\/\/areabadalona.com\/diario\/wp-json\/wp\/v2\/posts"}],"about":[{"href":"https:\/\/areabadalona.com\/diario\/wp-json\/wp\/v2\/types\/post"}],"author":[{"embeddable":true,"href":"https:\/\/areabadalona.com\/diario\/wp-json\/wp\/v2\/users\/2"}],"replies":[{"embeddable":true,"href":"https:\/\/areabadalona.com\/diario\/wp-json\/wp\/v2\/comments?post=7517"}],"version-history":[{"count":1,"href":"https:\/\/areabadalona.com\/diario\/wp-json\/wp\/v2\/posts\/7517\/revisions"}],"predecessor-version":[{"id":7519,"href":"https:\/\/areabadalona.com\/diario\/wp-json\/wp\/v2\/posts\/7517\/revisions\/7519"}],"wp:featuredmedia":[{"embeddable":true,"href":"https:\/\/areabadalona.com\/diario\/wp-json\/wp\/v2\/media\/7518"}],"wp:attachment":[{"href":"https:\/\/areabadalona.com\/diario\/wp-json\/wp\/v2\/media?parent=7517"}],"wp:term":[{"taxonomy":"category","embeddable":true,"href":"https:\/\/areabadalona.com\/diario\/wp-json\/wp\/v2\/categories?post=7517"},{"taxonomy":"post_tag","embeddable":true,"href":"https:\/\/areabadalona.com\/diario\/wp-json\/wp\/v2\/tags?post=7517"}],"curies":[{"name":"wp","href":"https:\/\/api.w.org\/{rel}","templated":true}]}}