{"id":7514,"date":"2024-09-03T10:01:20","date_gmt":"2024-09-03T10:01:20","guid":{"rendered":"https:\/\/areabadalona.com\/diario\/?p=7514"},"modified":"2024-09-03T10:01:20","modified_gmt":"2024-09-03T10:01:20","slug":"lalcalde-de-badalona-estableix-un-canal-directe-amb-el-consol-general-de-pakistan-amb-lobjectiu-de-millorar-la-convivencia-i-el-compliment-de-les-normatives","status":"publish","type":"post","link":"https:\/\/areabadalona.com\/diario\/2024\/09\/03\/lalcalde-de-badalona-estableix-un-canal-directe-amb-el-consol-general-de-pakistan-amb-lobjectiu-de-millorar-la-convivencia-i-el-compliment-de-les-normatives\/","title":{"rendered":"L\u2019alcalde de Badalona estableix un canal directe amb el c\u00f2nsol general de Pakistan amb l\u2019objectiu de millorar la conviv\u00e8ncia i el compliment de les normatives"},"content":{"rendered":"\n<p>L\u2019alcalde, Xavier Garcia Albiol, ha rebut aquest migdia a l\u2019Ajuntament de Badalona al C\u00f2nsol General del Pakistan a Barcelona, Murad Ali Wazir i una \u00e0mplia representaci\u00f3 de les entitats i associacions pakistaneses presents a la ciutat. A Badalona la pres\u00e8ncia d\u2019aquest col\u00b7lectiu \u00e9s molt nombrosa en alguns barris de la ciutat, amb m\u00e9s de 8.000 residents en conjunt, i molt present en activitats comercials.<\/p>\n\n\n\n<p>Durant la trobada, en la qual tamb\u00e9 ha estat present la regidora de Conviv\u00e8ncia, Mediaci\u00f3 i Participaci\u00f3 de l\u2019Ajuntament de Badalona, Odalys S\u00e1nchez, s\u2019han abordat diferents q\u00fcestions d\u2019inter\u00e8s al voltant de la comunitat pakistanesa que viu a Badalona, aix\u00ed com l\u2019objectiu de millorar la conviv\u00e8ncia i garantir el compliment de les normatives i el bon \u00fas de l\u2019espai p\u00fablic. La reuni\u00f3 tamb\u00e9 ha servit per estr\u00e8nyer els lligams entre l\u2019Ajuntament i aquesta comunitat, at\u00e8s que les relacions establertes a partir d\u2019ara permetran, quan sigui necessari, el di\u00e0leg al m\u00e9s alt nivell entre alcaldia i consolat.<\/p>\n\n\n\n<p>Entre les q\u00fcestions tractades, ha destacat la petici\u00f3 de la comunitat pakistanesa de trobar un espai on poder jugar al criquet, un dels esports que t\u00e9 un gran seguiment i afici\u00f3 entre aquesta comunitat. Ambdues parts han coincidit en la necessitat de trobar un espai prou ampli i segur per aquest esport, per evitar les mol\u00e8sties que pot ocasionar la seva pr\u00e0ctica a la via p\u00fablica.<\/p>\n\n\n\n<p>L\u2019alcalde de Badalona, Xavier Garcia Albiol, ha valorat com a molt profitosa la trobada, continuaci\u00f3 d\u2019anteriors reunions de t\u00e8cnics i de l\u2019equip de Govern, i en la qual \u201cs\u2019ha assolit un acord important\u00edssim i \u00e9s que a partir d\u2019ara tenim una interlocuci\u00f3 directa amb el c\u00f2nsol del Pakistan, que \u00e9s una autoritat per a aquesta comunitat, i aix\u00f2 ens ha d\u2019ajudar a resoldre qualsevol problema d\u2019interlocuci\u00f3 o dificultat que pugui afectar els espais p\u00fablics o als comer\u00e7os\u201d.<\/p>\n","protected":false},"excerpt":{"rendered":"<p>L\u2019alcalde, Xavier Garcia Albiol, ha rebut aquest migdia a l\u2019Ajuntament de Badalona al C\u00f2nsol General del Pakistan a Barcelona, Murad Ali Wazir i una \u00e0mplia representaci\u00f3 de les entitats i associacions pakistaneses presents a la ciutat. A Badalona la pres\u00e8ncia d\u2019aquest col\u00b7lectiu \u00e9s molt nombrosa en alguns barris de la ciutat, amb m\u00e9s de 8.000 [&hellip;]<\/p>\n","protected":false},"author":2,"featured_media":7515,"comment_status":"closed","ping_status":"open","sticky":false,"template":"","format":"standard","meta":{"footnotes":""},"categories":[23],"tags":[],"class_list":{"0":"post-7514","1":"post","2":"type-post","3":"status-publish","4":"format-standard","5":"has-post-thumbnail","7":"category-actualitat"},"_links":{"self":[{"href":"https:\/\/areabadalona.com\/diario\/wp-json\/wp\/v2\/posts\/7514","targetHints":{"allow":["GET"]}}],"collection":[{"href":"https:\/\/areabadalona.com\/diario\/wp-json\/wp\/v2\/posts"}],"about":[{"href":"https:\/\/areabadalona.com\/diario\/wp-json\/wp\/v2\/types\/post"}],"author":[{"embeddable":true,"href":"https:\/\/areabadalona.com\/diario\/wp-json\/wp\/v2\/users\/2"}],"replies":[{"embeddable":true,"href":"https:\/\/areabadalona.com\/diario\/wp-json\/wp\/v2\/comments?post=7514"}],"version-history":[{"count":1,"href":"https:\/\/areabadalona.com\/diario\/wp-json\/wp\/v2\/posts\/7514\/revisions"}],"predecessor-version":[{"id":7516,"href":"https:\/\/areabadalona.com\/diario\/wp-json\/wp\/v2\/posts\/7514\/revisions\/7516"}],"wp:featuredmedia":[{"embeddable":true,"href":"https:\/\/areabadalona.com\/diario\/wp-json\/wp\/v2\/media\/7515"}],"wp:attachment":[{"href":"https:\/\/areabadalona.com\/diario\/wp-json\/wp\/v2\/media?parent=7514"}],"wp:term":[{"taxonomy":"category","embeddable":true,"href":"https:\/\/areabadalona.com\/diario\/wp-json\/wp\/v2\/categories?post=7514"},{"taxonomy":"post_tag","embeddable":true,"href":"https:\/\/areabadalona.com\/diario\/wp-json\/wp\/v2\/tags?post=7514"}],"curies":[{"name":"wp","href":"https:\/\/api.w.org\/{rel}","templated":true}]}}