{"id":7511,"date":"2024-09-02T09:58:54","date_gmt":"2024-09-02T09:58:54","guid":{"rendered":"https:\/\/areabadalona.com\/diario\/?p=7511"},"modified":"2024-09-03T09:59:42","modified_gmt":"2024-09-03T09:59:42","slug":"la-guardia-urbana-de-badalona-dete-en-una-sola-nit-tres-persones-que-tenien-pendents-ordres-de-detencio-i-dingres-a-preso","status":"publish","type":"post","link":"https:\/\/areabadalona.com\/diario\/2024\/09\/02\/la-guardia-urbana-de-badalona-dete-en-una-sola-nit-tres-persones-que-tenien-pendents-ordres-de-detencio-i-dingres-a-preso\/","title":{"rendered":"La Gu\u00e0rdia Urbana de Badalona det\u00e9 en una sola nit tres persones que tenien pendents ordres de detenci\u00f3 i d\u2019ingr\u00e9s a pres\u00f3"},"content":{"rendered":"\n<p>La Gu\u00e0rdia Urbana de Badalona ha detingut tres homes en una sola nit, tots ells amb ordres pendents de detenci\u00f3 i d\u2019ingr\u00e9s a la pres\u00f3. Les detencions s\u2019han realitzat durant la nit passada. La primera ha tingut lloc al barri de Llefi\u00e0, on s\u2019ha identificat un home que tenia una ordre de detenci\u00f3 i d\u2019ingr\u00e9s a la pres\u00f3. La segona detenci\u00f3 s\u2019ha efectuat a l\u2019avinguda de Joan XXIII, al barri d\u2019Artigues, on un altre home ha estat arrestat per una ordre de recerca i detenci\u00f3. Finalment, la tercera detenci\u00f3 ha ocorregut a l\u2019avinguda del Puigfred, al barri de Sant Crist de Can Cabanyes, on ha estat detingut un home amb dues ordres de recerca i detenci\u00f3 pendents.<\/p>\n\n\n\n<p>Les persones detingudes van ser traslladades a les depend\u00e8ncies de la Comissaria de la Gu\u00e0rdia Urbana de Badalona, al Tur\u00f3 d\u2019en Caritg, i posteriorment traslladades als Mossos d\u2019Esquadra per a la seva posada a disposici\u00f3 judicial.<\/p>\n\n\n\n<p>L\u2019alcalde de Badalona, Xavier Garcia Albiol, ha destacat que aquestes tres detencions han estat possibles gr\u00e0cies a la tasca de vigil\u00e0ncia intensa de la Gu\u00e0rdia Urbana durant les nits a la ciutat. \u201cAix\u00f2 demostra que som als carrers dia i nit per combatre la delinq\u00fc\u00e8ncia i que la seguretat \u00e9s una de les nostres prioritats\u201d, ha manifestat l\u2019alcalde. \u201cAquest treball dels agents de la Gu\u00e0rdia Urbana t\u00e9 un gran valor, perqu\u00e8 suposa contribuir al compliment de la llei i treure dels carrers a persones que han d\u2019estar a disposici\u00f3 judicial o a la pres\u00f3\u201d, ha afegit.<\/p>\n","protected":false},"excerpt":{"rendered":"<p>La Gu\u00e0rdia Urbana de Badalona ha detingut tres homes en una sola nit, tots ells amb ordres pendents de detenci\u00f3 i d\u2019ingr\u00e9s a la pres\u00f3. Les detencions s\u2019han realitzat durant la nit passada. La primera ha tingut lloc al barri de Llefi\u00e0, on s\u2019ha identificat un home que tenia una ordre de detenci\u00f3 i d\u2019ingr\u00e9s [&hellip;]<\/p>\n","protected":false},"author":2,"featured_media":7512,"comment_status":"closed","ping_status":"open","sticky":false,"template":"","format":"standard","meta":{"footnotes":""},"categories":[23],"tags":[],"class_list":{"0":"post-7511","1":"post","2":"type-post","3":"status-publish","4":"format-standard","5":"has-post-thumbnail","7":"category-actualitat"},"_links":{"self":[{"href":"https:\/\/areabadalona.com\/diario\/wp-json\/wp\/v2\/posts\/7511","targetHints":{"allow":["GET"]}}],"collection":[{"href":"https:\/\/areabadalona.com\/diario\/wp-json\/wp\/v2\/posts"}],"about":[{"href":"https:\/\/areabadalona.com\/diario\/wp-json\/wp\/v2\/types\/post"}],"author":[{"embeddable":true,"href":"https:\/\/areabadalona.com\/diario\/wp-json\/wp\/v2\/users\/2"}],"replies":[{"embeddable":true,"href":"https:\/\/areabadalona.com\/diario\/wp-json\/wp\/v2\/comments?post=7511"}],"version-history":[{"count":1,"href":"https:\/\/areabadalona.com\/diario\/wp-json\/wp\/v2\/posts\/7511\/revisions"}],"predecessor-version":[{"id":7513,"href":"https:\/\/areabadalona.com\/diario\/wp-json\/wp\/v2\/posts\/7511\/revisions\/7513"}],"wp:featuredmedia":[{"embeddable":true,"href":"https:\/\/areabadalona.com\/diario\/wp-json\/wp\/v2\/media\/7512"}],"wp:attachment":[{"href":"https:\/\/areabadalona.com\/diario\/wp-json\/wp\/v2\/media?parent=7511"}],"wp:term":[{"taxonomy":"category","embeddable":true,"href":"https:\/\/areabadalona.com\/diario\/wp-json\/wp\/v2\/categories?post=7511"},{"taxonomy":"post_tag","embeddable":true,"href":"https:\/\/areabadalona.com\/diario\/wp-json\/wp\/v2\/tags?post=7511"}],"curies":[{"name":"wp","href":"https:\/\/api.w.org\/{rel}","templated":true}]}}