{"id":7507,"date":"2024-08-29T08:11:55","date_gmt":"2024-08-29T08:11:55","guid":{"rendered":"https:\/\/areabadalona.com\/diario\/?p=7507"},"modified":"2024-08-29T08:11:56","modified_gmt":"2024-08-29T08:11:56","slug":"badalona-construeix-un-parc-infantil-i-juvenil-nou-davant-de-lescola-joan-llongueras-i-lie-llibertat-al-barri-de-montigala","status":"publish","type":"post","link":"https:\/\/areabadalona.com\/diario\/2024\/08\/29\/badalona-construeix-un-parc-infantil-i-juvenil-nou-davant-de-lescola-joan-llongueras-i-lie-llibertat-al-barri-de-montigala\/","title":{"rendered":"Badalona construeix un parc infantil i juvenil nou davant de l\u2019escola Joan Llongueras i l\u2019IE Llibertat, al barri de Montigal\u00e0"},"content":{"rendered":"\n<p>El barri de Montigal\u00e0 de Badalona comptar\u00e0 molt aviat amb una nova \u00e0rea de jocs infantils i juvenils situada al parc G5, davant l\u2019escola Joan Llongueras i l\u2019IE Llibertat. El projecte l\u2019ha desenvolupat l\u2019ens municipal Engestur per enc\u00e0rrec de l\u2019Ajuntament de Badalona i preveu, d\u2019una banda, l\u2019arranjament d\u2019una \u00e0rea de 3.000 m2 i, d\u2019altra banda, la inclusi\u00f3 en aquesta actuaci\u00f3 d\u2019un parc infantil de 553 m2. Les obres est\u00e0 previst que comencin aquesta tardor. Tindran una durada de tres mesos i l\u2019Ajuntament hi destinar\u00e0 prop de 300.000 euros.<\/p>\n\n\n\n<p>L\u2019esplanada que acollir\u00e0 la nova \u00e0rea de jocs infantils i juvenils est\u00e0 situada a tocar de l\u2019avinguda de Puigfred, l\u2019escola Joan Llongueras i l\u2019Institut escola Llibertat i suposar\u00e0 fer totalment nou tot l\u2019entorn de l\u2019escola Joan Llongueras i l\u2019IE Llibertat, que necessitava millores des de feina temps.<\/p>\n\n\n\n<p>El nou parc comptar\u00e0 amb diferents zones d&#8217;entreteniment i inclour\u00e0 m\u00f2duls de jocs de calist\u00e8nia, d\u2019aeroskate, jocs de rotaci\u00f3, gronxadors, tirolina, un m\u00f2dul de joc inclusiu i un m\u00f2dul de plafons l\u00fadics, entre altres. El projecte tamb\u00e9 preveu nous bancs i papereres i la millora de la il\u00b7luminaci\u00f3, amb noves columnes de llum i focus de led, m\u00e9s eficients. A m\u00e9s, s&#8217;hi instal\u00b7lar\u00e0 una nova font d&#8217;aigua i es renovar\u00e0 el paviment per facilitar l&#8217;acc\u00e9s, que ser\u00e0 apte per a persones amb mobilitat redu\u00efda.<\/p>\n\n\n\n<p>L\u2019alcalde de Badalona, Xavier Garcia Albiol, ha destacat que el projecte suposar\u00e0 un canvi important en una zona on feia temps que els ve\u00efns reclamaven una millora. \u201cAmb aquestes obres fem totalment nou tot l\u2019entorn dels dos centres educatius, que fins ara era un solar abandonat i complim una reivindicaci\u00f3 dels ve\u00efns que tindran, per fi, un espai pel gaudi al costat de casa seva\u201d, ha afirmat. El meu comprom\u00eds com alcalde \u00e9s que durant aquest mandat farem obres a tots els barris de Badalona i durant aquesta tardor ja comen\u00e7aran a diferents zones diverses obres que han estat llargament reclamades pels ve\u00efns, ha afegit l\u2019alcalde.<\/p>\n","protected":false},"excerpt":{"rendered":"<p>El barri de Montigal\u00e0 de Badalona comptar\u00e0 molt aviat amb una nova \u00e0rea de jocs infantils i juvenils situada al parc G5, davant l\u2019escola Joan Llongueras i l\u2019IE Llibertat. El projecte l\u2019ha desenvolupat l\u2019ens municipal Engestur per enc\u00e0rrec de l\u2019Ajuntament de Badalona i preveu, d\u2019una banda, l\u2019arranjament d\u2019una \u00e0rea de 3.000 m2 i, d\u2019altra banda, [&hellip;]<\/p>\n","protected":false},"author":2,"featured_media":7508,"comment_status":"closed","ping_status":"open","sticky":false,"template":"","format":"standard","meta":{"footnotes":""},"categories":[23],"tags":[],"class_list":{"0":"post-7507","1":"post","2":"type-post","3":"status-publish","4":"format-standard","5":"has-post-thumbnail","7":"category-actualitat"},"_links":{"self":[{"href":"https:\/\/areabadalona.com\/diario\/wp-json\/wp\/v2\/posts\/7507","targetHints":{"allow":["GET"]}}],"collection":[{"href":"https:\/\/areabadalona.com\/diario\/wp-json\/wp\/v2\/posts"}],"about":[{"href":"https:\/\/areabadalona.com\/diario\/wp-json\/wp\/v2\/types\/post"}],"author":[{"embeddable":true,"href":"https:\/\/areabadalona.com\/diario\/wp-json\/wp\/v2\/users\/2"}],"replies":[{"embeddable":true,"href":"https:\/\/areabadalona.com\/diario\/wp-json\/wp\/v2\/comments?post=7507"}],"version-history":[{"count":1,"href":"https:\/\/areabadalona.com\/diario\/wp-json\/wp\/v2\/posts\/7507\/revisions"}],"predecessor-version":[{"id":7509,"href":"https:\/\/areabadalona.com\/diario\/wp-json\/wp\/v2\/posts\/7507\/revisions\/7509"}],"wp:featuredmedia":[{"embeddable":true,"href":"https:\/\/areabadalona.com\/diario\/wp-json\/wp\/v2\/media\/7508"}],"wp:attachment":[{"href":"https:\/\/areabadalona.com\/diario\/wp-json\/wp\/v2\/media?parent=7507"}],"wp:term":[{"taxonomy":"category","embeddable":true,"href":"https:\/\/areabadalona.com\/diario\/wp-json\/wp\/v2\/categories?post=7507"},{"taxonomy":"post_tag","embeddable":true,"href":"https:\/\/areabadalona.com\/diario\/wp-json\/wp\/v2\/tags?post=7507"}],"curies":[{"name":"wp","href":"https:\/\/api.w.org\/{rel}","templated":true}]}}